{"id":10890,"date":"2023-05-23T15:18:33","date_gmt":"2023-05-23T15:18:33","guid":{"rendered":"https:\/\/themexicopost.com\/?p=10890"},"modified":"2023-05-23T15:18:35","modified_gmt":"2023-05-23T15:18:35","slug":"sera-mexico-sede-del-mundial-de-para-taekwondo","status":"publish","type":"post","link":"https:\/\/themexicopost.com\/?p=10890","title":{"rendered":"Ser\u00e1 M\u00e9xico sede del Mundial de Para Taekwondo"},"content":{"rendered":"\n<figure class=\"wp-block-pullquote\"><blockquote><p>Jannet Alegr\u00eda junto con Mar\u00eda de Rosario Espinoza, dirigen los entrenamientos de la selecci\u00f3n de para taekwondo en las instalaciones del Centro Nacional de Desarrollo de Talentos Deportivos y Alto Rendimiento.<\/p><\/blockquote><\/figure>\n\n\n\n<p class=\"has-drop-cap\">La selecci\u00f3n mexicana recibi\u00f3 con agrado y emoci\u00f3n la noticia de que Veracruz, ser\u00e1 la sede del 21 al 24 de septiembre, del d\u00e9cimo Campeonato Mundial de Para Taekwondo; certamen que ser\u00e1 fundamental en sus aspiraciones para clasificar a los Juegos Paral\u00edmpicos Par\u00eds 2024.<br><\/p>\n\n\n\n<p>&#8220;Estamos s\u00faper emocionados y contentos de que este es el primer Mundial que va a tener M\u00e9xico de para taekwondo, entonces eso nos llena de alegr\u00eda, pero tambi\u00e9n nos da esa fuerza para seguir trabajando con todo y tambi\u00e9n nos inspira el mundial que se llev\u00f3 a cabo en Guadalajara 2022, de los convencionales, ver que la gente se entrega completamente en M\u00e9xico, pues eso tambi\u00e9n para nosotros es motivante y es de gran satisfacci\u00f3n que sea en nuestro pa\u00eds&#8221;, se\u00f1al\u00f3 Jannet Alegr\u00eda Pe\u00f1a, entrenadora nacional en entrevista con la Comisi\u00f3n Nacional de Cultura F\u00edsica y Deporte (CONADE).<br><\/p>\n\n\n\n<p>Jannet Alegr\u00eda junto con Mar\u00eda de Rosario Espinoza, dirigen los entrenamientos de la selecci\u00f3n de para taekwondo en las instalaciones del Centro Nacional de Desarrollo de Talentos Deportivos y Alto Rendimiento (CNAR). El pr\u00f3ximo mes enfrentar\u00e1n sus siguientes compromisos internacionales.<br><\/p>\n\n\n\n<figure class=\"wp-block-image size-large\"><img fetchpriority=\"high\" decoding=\"async\" width=\"1024\" height=\"683\" src=\"https:\/\/themexicopost.com\/wp-content\/uploads\/2023\/05\/SERAS-2-1024x683.jpg\" alt=\"\" class=\"wp-image-10892\" srcset=\"https:\/\/themexicopost.com\/wp-content\/uploads\/2023\/05\/SERAS-2-1024x683.jpg 1024w, https:\/\/themexicopost.com\/wp-content\/uploads\/2023\/05\/SERAS-2-300x200.jpg 300w, https:\/\/themexicopost.com\/wp-content\/uploads\/2023\/05\/SERAS-2-768x512.jpg 768w, https:\/\/themexicopost.com\/wp-content\/uploads\/2023\/05\/SERAS-2-330x220.jpg 330w, https:\/\/themexicopost.com\/wp-content\/uploads\/2023\/05\/SERAS-2-420x280.jpg 420w, https:\/\/themexicopost.com\/wp-content\/uploads\/2023\/05\/SERAS-2-615x410.jpg 615w, https:\/\/themexicopost.com\/wp-content\/uploads\/2023\/05\/SERAS-2-860x573.jpg 860w, https:\/\/themexicopost.com\/wp-content\/uploads\/2023\/05\/SERAS-2.jpg 1200w\" sizes=\"(max-width: 1024px) 100vw, 1024px\" \/><\/figure>\n\n\n\n<p>Salimos el 26 de junio a un G2 en Montargis, Francia, va el equipo completo que son 11 atletas, m\u00e1s el equipo multidisciplinario y despu\u00e9s vuela el equipo titular, que son cinco atletas que est\u00e1n en el top 10 (del ranking internacional), ellos van a viajar a Australia a buscar 50 puntos de rankin en otro certamen, ese ser\u00eda el segundo evento y despu\u00e9s de ah\u00ed regresamos a M\u00e9xico y nos preparamos para el primer Gran Prix que ser\u00e1 en Par\u00eds, el 30 de agosto un d\u00eda muy especial porque es mi cumplea\u00f1os&#8221;, detall\u00f3 la entrenadora nacional.<br><\/p>\n\n\n\n<p>Alegr\u00eda Pe\u00f1a destac\u00f3 que el el objetivo es que los atletas obtengan el mayor n\u00famero de puntos en el ranking porque se busca clasificar en cinco plazas directas a Juegos Paral\u00edmpicos.<br><\/p>\n\n\n\n<p>&#8220;Sabemos que no es f\u00e1cil, pero estamos trabajando para eso. El equipo est\u00e1 tranquilo, est\u00e1 motivado, ahorita ven que los convencionales ya salen a su mundial y eso tambi\u00e9n nos motiva a nosotros a trabajar fuerte y esperamos el gran d\u00eda en donde la fiesta va a ser en nuestro pa\u00eds, en el mes de septiembre&#8221;, concluy\u00f3 la profesora.<\/p>\n","protected":false},"excerpt":{"rendered":"<p>Jannet Alegr\u00eda junto con Mar\u00eda de Rosario Espinoza, dirigen los entrenamientos de la selecci\u00f3n de para taekwondo en las instalaciones del Centro Nacional de Desarrollo de Talentos Deportivos y Alto Rendimiento. La selecci\u00f3n mexicana recibi\u00f3 con agrado y emoci\u00f3n la noticia de que Veracruz, ser\u00e1 la sede del 21 al 24 de septiembre, del d\u00e9cimo [&hellip;]<\/p>\n","protected":false},"author":1,"featured_media":10891,"comment_status":"closed","ping_status":"closed","sticky":false,"template":"","format":"standard","meta":{"footnotes":""},"categories":[79],"tags":[],"class_list":["post-10890","post","type-post","status-publish","format-standard","has-post-thumbnail","hentry","category-deportes"],"_links":{"self":[{"href":"https:\/\/themexicopost.com\/index.php?rest_route=\/wp\/v2\/posts\/10890","targetHints":{"allow":["GET"]}}],"collection":[{"href":"https:\/\/themexicopost.com\/index.php?rest_route=\/wp\/v2\/posts"}],"about":[{"href":"https:\/\/themexicopost.com\/index.php?rest_route=\/wp\/v2\/types\/post"}],"author":[{"embeddable":true,"href":"https:\/\/themexicopost.com\/index.php?rest_route=\/wp\/v2\/users\/1"}],"replies":[{"embeddable":true,"href":"https:\/\/themexicopost.com\/index.php?rest_route=%2Fwp%2Fv2%2Fcomments&post=10890"}],"version-history":[{"count":1,"href":"https:\/\/themexicopost.com\/index.php?rest_route=\/wp\/v2\/posts\/10890\/revisions"}],"predecessor-version":[{"id":10893,"href":"https:\/\/themexicopost.com\/index.php?rest_route=\/wp\/v2\/posts\/10890\/revisions\/10893"}],"wp:featuredmedia":[{"embeddable":true,"href":"https:\/\/themexicopost.com\/index.php?rest_route=\/wp\/v2\/media\/10891"}],"wp:attachment":[{"href":"https:\/\/themexicopost.com\/index.php?rest_route=%2Fwp%2Fv2%2Fmedia&parent=10890"}],"wp:term":[{"taxonomy":"category","embeddable":true,"href":"https:\/\/themexicopost.com\/index.php?rest_route=%2Fwp%2Fv2%2Fcategories&post=10890"},{"taxonomy":"post_tag","embeddable":true,"href":"https:\/\/themexicopost.com\/index.php?rest_route=%2Fwp%2Fv2%2Ftags&post=10890"}],"curies":[{"name":"wp","href":"https:\/\/api.w.org\/{rel}","templated":true}]}}