{"id":10906,"date":"2023-05-23T15:23:10","date_gmt":"2023-05-23T15:23:10","guid":{"rendered":"https:\/\/themexicopost.com\/?p=10906"},"modified":"2023-05-23T15:23:30","modified_gmt":"2023-05-23T15:23:30","slug":"cadete-de-escuela-de-policia-de-quito-abusa-sexualmente-de-sus-companeros","status":"publish","type":"post","link":"https:\/\/themexicopost.com\/?p=10906","title":{"rendered":"Cadete de Escuela de Polic\u00eda de Quito abus\u00f3 sexualmente de sus compa\u00f1eros"},"content":{"rendered":"\n<figure class=\"wp-block-pullquote\"><blockquote><p>La Fiscal\u00eda inici\u00f3 una investigaci\u00f3n. Es en el mismo recinto policial donde sucedi\u00f3 el femicidio de Mar\u00eda Bel\u00e9n Bernal<\/p><\/blockquote><\/figure>\n\n\n\n<p class=\"has-drop-cap\">Un cadete de la Escuela de Polic\u00eda de Quito fue detenido como sospechoso de abuso sexual. El delito habr\u00eda sucedido dentro del recinto policial, ubicado al norte de la ciudad, en contra de otros ocho cadetes de esa instituci\u00f3n.<br><\/p>\n\n\n\n<p>La Polic\u00eda del Ecuador anunci\u00f3 que activaron los protocolos para sancionar disciplinariamente al sospechoso y resaltaron que los miembros de la instituci\u00f3n lo entregaron a la justicia, mientras que la Fiscal\u00eda del Estado anunci\u00f3 el inicio de una investigaci\u00f3n.<br><\/p>\n\n\n\n<p>\u201cLa instituci\u00f3n act\u00faa con total transparencia en este hecho y brinda todas las facilidades a los entes de justicia para dar celeridad a las investigaciones que permitan establecer las respectivas responsabilidades penales\u201d, indic\u00f3 la Polic\u00eda de Ecuador en un comunicado.<br><\/p>\n\n\n\n<figure class=\"wp-block-image size-large\"><img fetchpriority=\"high\" decoding=\"async\" width=\"1024\" height=\"683\" src=\"https:\/\/themexicopost.com\/wp-content\/uploads\/2023\/05\/cadete-1024x683.jpg\" alt=\"\" class=\"wp-image-10908\" srcset=\"https:\/\/themexicopost.com\/wp-content\/uploads\/2023\/05\/cadete-1024x683.jpg 1024w, https:\/\/themexicopost.com\/wp-content\/uploads\/2023\/05\/cadete-300x200.jpg 300w, https:\/\/themexicopost.com\/wp-content\/uploads\/2023\/05\/cadete-768x512.jpg 768w, https:\/\/themexicopost.com\/wp-content\/uploads\/2023\/05\/cadete-330x220.jpg 330w, https:\/\/themexicopost.com\/wp-content\/uploads\/2023\/05\/cadete-420x280.jpg 420w, https:\/\/themexicopost.com\/wp-content\/uploads\/2023\/05\/cadete-615x410.jpg 615w, https:\/\/themexicopost.com\/wp-content\/uploads\/2023\/05\/cadete-860x573.jpg 860w, https:\/\/themexicopost.com\/wp-content\/uploads\/2023\/05\/cadete.jpg 1200w\" sizes=\"(max-width: 1024px) 100vw, 1024px\" \/><\/figure>\n\n\n\n<p>El abuso en contra de los cadetes habr\u00eda sucedido durante el \u00faltimo fin de semana. El juez que conoci\u00f3 el caso acept\u00f3 el pedido de la Fiscal\u00eda de mantener en prisi\u00f3n preventiva al sospechoso durante 30 d\u00edas. El ministro del Interior, Juan Zapata, cont\u00f3 a El Universo ue el caso est\u00e1 siendo manejado desde la Escuela de Polic\u00eda y que la vocera ser\u00e1 la directora de la entidad.<br><\/p>\n\n\n\n<p>La periodista ecuatoriana Arahi Vega indic\u00f3 que el cadete detenido tocaba a sus compa\u00f1eros mientras estos dorm\u00edan. Vega tambi\u00e9n record\u00f3 que hace siete meses, en octubre del a\u00f1o pasado, la madre de otra aspirante a polic\u00eda denunci\u00f3 una violaci\u00f3n grupal que habr\u00eda sucedido mientras la cadete estaba de guardia en la Escuela.<br><\/p>\n\n\n\n<p>El femicidio de Mar\u00eda Bel\u00e9n Bernal, abogada y madre quite\u00f1a puso en la mira a la Escuela de Polic\u00eda, recinto policial que fue el escenario del tr\u00e1gico femicidio en donde fue estrangulada por su esposo, el entonces teniente de Polic\u00eda, Germ\u00e1n C\u00e1ceres, quien admiti\u00f3 haberla matado.<\/p>\n","protected":false},"excerpt":{"rendered":"<p>La Fiscal\u00eda inici\u00f3 una investigaci\u00f3n. Es en el mismo recinto policial donde sucedi\u00f3 el femicidio de Mar\u00eda Bel\u00e9n Bernal Un cadete de la Escuela de Polic\u00eda de Quito fue detenido como sospechoso de abuso sexual. El delito habr\u00eda sucedido dentro del recinto policial, ubicado al norte de la ciudad, en contra de otros ocho cadetes [&hellip;]<\/p>\n","protected":false},"author":1,"featured_media":10907,"comment_status":"closed","ping_status":"closed","sticky":false,"template":"","format":"standard","meta":{"footnotes":""},"categories":[80],"tags":[],"class_list":["post-10906","post","type-post","status-publish","format-standard","has-post-thumbnail","hentry","category-mundo"],"_links":{"self":[{"href":"https:\/\/themexicopost.com\/index.php?rest_route=\/wp\/v2\/posts\/10906","targetHints":{"allow":["GET"]}}],"collection":[{"href":"https:\/\/themexicopost.com\/index.php?rest_route=\/wp\/v2\/posts"}],"about":[{"href":"https:\/\/themexicopost.com\/index.php?rest_route=\/wp\/v2\/types\/post"}],"author":[{"embeddable":true,"href":"https:\/\/themexicopost.com\/index.php?rest_route=\/wp\/v2\/users\/1"}],"replies":[{"embeddable":true,"href":"https:\/\/themexicopost.com\/index.php?rest_route=%2Fwp%2Fv2%2Fcomments&post=10906"}],"version-history":[{"count":2,"href":"https:\/\/themexicopost.com\/index.php?rest_route=\/wp\/v2\/posts\/10906\/revisions"}],"predecessor-version":[{"id":10911,"href":"https:\/\/themexicopost.com\/index.php?rest_route=\/wp\/v2\/posts\/10906\/revisions\/10911"}],"wp:featuredmedia":[{"embeddable":true,"href":"https:\/\/themexicopost.com\/index.php?rest_route=\/wp\/v2\/media\/10907"}],"wp:attachment":[{"href":"https:\/\/themexicopost.com\/index.php?rest_route=%2Fwp%2Fv2%2Fmedia&parent=10906"}],"wp:term":[{"taxonomy":"category","embeddable":true,"href":"https:\/\/themexicopost.com\/index.php?rest_route=%2Fwp%2Fv2%2Fcategories&post=10906"},{"taxonomy":"post_tag","embeddable":true,"href":"https:\/\/themexicopost.com\/index.php?rest_route=%2Fwp%2Fv2%2Ftags&post=10906"}],"curies":[{"name":"wp","href":"https:\/\/api.w.org\/{rel}","templated":true}]}}