{"id":10912,"date":"2023-05-23T15:24:24","date_gmt":"2023-05-23T15:24:24","guid":{"rendered":"https:\/\/themexicopost.com\/?p=10912"},"modified":"2023-05-23T15:24:25","modified_gmt":"2023-05-23T15:24:25","slug":"espana-destinara-mas-de-38-mde-a-la-atencion-de-la-salud-mental","status":"publish","type":"post","link":"https:\/\/themexicopost.com\/?p=10912","title":{"rendered":"Espa\u00f1a destinar\u00e1 m\u00e1s de 38 MDE a la atenci\u00f3n de la salud mental"},"content":{"rendered":"\n<figure class=\"wp-block-pullquote\"><blockquote><p>El presidente Pedro S\u00e1nchez inst\u00f3 a &#8220;visibilizar la salud mental&#8221; y &#8220;no estigmatizarla&#8221;.<\/p><\/blockquote><\/figure>\n\n\n\n<p class=\"has-drop-cap\">El presidente del Gobierno de Espa\u00f1a, Pedro S\u00e1nchez, anunci\u00f3 este domingo que destinar\u00eda a las comunidades aut\u00f3nomas 38,5 millones de euros &#8220;para seguir desarrollando y desplegando la estrategia de salud mental&#8221; en el pa\u00eds.<br><\/p>\n\n\n\n<p>Durante el discurso pronunciado en un acto de campa\u00f1a del PSOE celebrado en la ciudad de Valladolid, donde respald\u00f3 al alcalde y candidato socialista, \u00d3scar Puente, el mandatario mencion\u00f3 la necesidad de &#8220;visibilizar la salud mental&#8221;. &#8220;Tenemos que hablar de ella, poner recursos econ\u00f3micos y, sobre todo, no estigmatizarla. Podemos salir adelante y merece la pena vivir la vida&#8221;, asever\u00f3.<br><\/p>\n\n\n\n<p>Seg\u00fan detallaron fuentes del partido citadas por la prensa local, de la inversi\u00f3n anunciada, que ser\u00e1 aprobada por el Consejo de Ministros el pr\u00f3ximo martes, 14,5 millones de euros se destinar\u00e1n a mejorar el equipamiento en los centros de salud.<br><\/p>\n\n\n\n<p>Un d\u00eda antes, S\u00e1nchez hab\u00eda anunciado en un mitin en Valencia otros 580 millones de euros para la atenci\u00f3n primaria.<br><\/p>\n\n\n\n<p>&#8220;El mejor homenaje que les podemos hacer a las v\u00edctimas de la pandemia es defender la sanidad p\u00fablica. Por eso el martes vamos a inyectar esos millones para reforzar, robustecer y modernizar los 13.000 centros de salud de toda Espa\u00f1a&#8221;, se\u00f1al\u00f3.<\/p>\n","protected":false},"excerpt":{"rendered":"<p>El presidente Pedro S\u00e1nchez inst\u00f3 a &#8220;visibilizar la salud mental&#8221; y &#8220;no estigmatizarla&#8221;. El presidente del Gobierno de Espa\u00f1a, Pedro S\u00e1nchez, anunci\u00f3 este domingo que destinar\u00eda a las comunidades aut\u00f3nomas 38,5 millones de euros &#8220;para seguir desarrollando y desplegando la estrategia de salud mental&#8221; en el pa\u00eds. Durante el discurso pronunciado en un acto de [&hellip;]<\/p>\n","protected":false},"author":1,"featured_media":10913,"comment_status":"closed","ping_status":"closed","sticky":false,"template":"","format":"standard","meta":{"footnotes":""},"categories":[80],"tags":[],"class_list":["post-10912","post","type-post","status-publish","format-standard","has-post-thumbnail","hentry","category-mundo"],"_links":{"self":[{"href":"https:\/\/themexicopost.com\/index.php?rest_route=\/wp\/v2\/posts\/10912","targetHints":{"allow":["GET"]}}],"collection":[{"href":"https:\/\/themexicopost.com\/index.php?rest_route=\/wp\/v2\/posts"}],"about":[{"href":"https:\/\/themexicopost.com\/index.php?rest_route=\/wp\/v2\/types\/post"}],"author":[{"embeddable":true,"href":"https:\/\/themexicopost.com\/index.php?rest_route=\/wp\/v2\/users\/1"}],"replies":[{"embeddable":true,"href":"https:\/\/themexicopost.com\/index.php?rest_route=%2Fwp%2Fv2%2Fcomments&post=10912"}],"version-history":[{"count":1,"href":"https:\/\/themexicopost.com\/index.php?rest_route=\/wp\/v2\/posts\/10912\/revisions"}],"predecessor-version":[{"id":10914,"href":"https:\/\/themexicopost.com\/index.php?rest_route=\/wp\/v2\/posts\/10912\/revisions\/10914"}],"wp:featuredmedia":[{"embeddable":true,"href":"https:\/\/themexicopost.com\/index.php?rest_route=\/wp\/v2\/media\/10913"}],"wp:attachment":[{"href":"https:\/\/themexicopost.com\/index.php?rest_route=%2Fwp%2Fv2%2Fmedia&parent=10912"}],"wp:term":[{"taxonomy":"category","embeddable":true,"href":"https:\/\/themexicopost.com\/index.php?rest_route=%2Fwp%2Fv2%2Fcategories&post=10912"},{"taxonomy":"post_tag","embeddable":true,"href":"https:\/\/themexicopost.com\/index.php?rest_route=%2Fwp%2Fv2%2Ftags&post=10912"}],"curies":[{"name":"wp","href":"https:\/\/api.w.org\/{rel}","templated":true}]}}