{"id":10924,"date":"2023-05-23T15:29:09","date_gmt":"2023-05-23T15:29:09","guid":{"rendered":"https:\/\/themexicopost.com\/?p=10924"},"modified":"2023-05-23T15:29:11","modified_gmt":"2023-05-23T15:29:11","slug":"exigen-taxistas-de-la-cdmx-incremento-a-las-tarifas","status":"publish","type":"post","link":"https:\/\/themexicopost.com\/?p=10924","title":{"rendered":"Exigen taxistas de la CDMX incremento a las tarifas"},"content":{"rendered":"\n<figure class=\"wp-block-pullquote\"><blockquote><p>Adem\u00e1s demandan la regulaci\u00f3n obligatoria de los servicios de taxi por aplicaci\u00f3n que ofrecen empresas extranjeras a trav\u00e9s de aplicaciones, en la Ciudad de M\u00e9xico, el 22 de mayo del 2023.<\/p><\/blockquote><\/figure>\n\n\n\n<p class=\"has-drop-cap\">En medio de reclamos por los encapsulamientos de que fue objeto su marcha por parte de elementos de la polic\u00eda, integrantes del Movimiento Nacional Taxista (MNT), arribaron la ma\u00f1ana de este lunes a la Plaza de la Constituci\u00f3n donde demandaron el incremento de casi el 100 por ciento a su tarifa vigente desde hace 10 a\u00f1os para que se fije en al menos 15 pesos, regulaci\u00f3n de los taxis por aplicaci\u00f3n que operan en la capital desde 2014 y un alto a los operativos implementados por el Instituto de Verificaci\u00f3n Administrativa (Invea).<br><\/p>\n\n\n\n<p>En conferencia de prensa, denunciaron el empobrecimiento del sector a causa de las bajas tarifas y la competencia, que consideran desleal, de los taxis por aplicaci\u00f3n. Esteban V\u00e1zquez Mu\u00f1oz, integrante del MNT, se\u00f1al\u00f3 que hace cuatro a\u00f1os el padr\u00f3n de taxi concesionado en la Ciudad de M\u00e9xico \u201cconstaba de 140 mil agremiados, en este momento el registro es de 60 mil taxis activos pero desgraciadamente \u00fanicamente proporcionan el servicio entre 45 y 50 mil concesionarios\u201d.<br><\/p>\n\n\n\n<p>Indic\u00f3 que el valor de sus concesiones y patrimonio familiar se ha depreciado, explic\u00f3, que hace cuatro a\u00f1os cada concesi\u00f3n ten\u00eda un valor de entre 80 mil y 95 mil pesos; actualmente su costo m\u00e1ximo es de 20 mil pesos, \u201cestamos hablando de que b\u00e1sicamente se ha perdido un 80 por ciento del valor que ten\u00edan hace cuatro a\u00f1os\u201d.<br><\/p>\n\n\n\n<p>Aunado a ello los taxis concesionados son discriminados porque \u201ca ellos si se les imponen una serie de impuestos anuales que deben cumplir obligatoriamente y que los taxis por aplicaci\u00f3n no realizan: tenencia, refrendo, la revista vehicular, y ahora se est\u00e1n sacando de la manga una situaci\u00f3n totalmente arbitraria porque nos est\u00e1n obligando a realizar un pago de inspecci\u00f3n f\u00edsico mec\u00e1nica que no est\u00e1 contemplada en el C\u00f3digo Fiscal\u201d.<br><\/p>\n\n\n\n<p>A\u00f1adi\u00f3, que de esta exigencia, \u201cse est\u00e1 encargando una empresa particular para que genere gastos recaudatorios que no le competen; todo ello nos est\u00e1 llevando a la extinci\u00f3n\u201d, indic\u00f3.<br><\/p>\n\n\n\n<p>Sobre las tarifas, Ignacio Rodr\u00edguez, l\u00edder del MNT, detall\u00f3 que desde 2013 el banderazo en taxi libre es de 8 pesos con 74 centavos. La tarifa de taxis de sitio con base en v\u00eda p\u00fablica es de 13.10 pesos y por cada 250 metros o 45 segundos un cobro adicional de 1.30 pesos. En tanto que el banderazo en radio taxis es de 27.30 pesos y por cada 250 metros o 45 segundos un cobro adicional de 1.84 pesos.<br><\/p>\n\n\n\n<p>Sin embargo \u201cel precio de las gasolinas se increment\u00f3 202 por ciento y los concesionarios del servicio de taxi seguimos cobrando el mismo precio desde hace 10 a\u00f1os\u201d, apunt\u00f3, el dirigente.<br><\/p>\n\n\n\n<p>Adem\u00e1s, dijo, \u201chace 9 a\u00f1os estos gobiernos de la mal llamada izquierda, le dieron entrada a las aplicaciones extranjeras que se mantienen en la ilegalidad, violentando cada d\u00eda con normas menores a las leyes que nos rigen, lo cual se convirti\u00f3 en una competencia desleal tolerada y muchas ocasiones promovida desde el propio Gobierno\u201d.<br><\/p>\n\n\n\n<p>Agreg\u00f3 que por otro lado desde 2013, la inflaci\u00f3n, es decir, el costo de los productos de consumo se increment\u00f3 casi 59 por ciento \u201cy el costo de nuestro servicio se mantiene inamovible\u201d.<br><\/p>\n\n\n\n<p>Otro dato \u201ces tambi\u00e9n muy revelador del abuso que las autoridades tienen contra nosotros. El salario m\u00ednimo se ha incrementado de 64.76 a 207.44 pesos, es decir, 320 por ciento y nosotros seguimos cobrando lo mismo\u201d a\u00f1adi\u00f3 el dirigente quien cuestion\u00f3 c\u00f3mo se le puede llamar a esto; \u201cnosotros no encontramos otra denominaci\u00f3n que violencia econ\u00f3mica\u201d.<\/p>\n","protected":false},"excerpt":{"rendered":"<p>Adem\u00e1s demandan la regulaci\u00f3n obligatoria de los servicios de taxi por aplicaci\u00f3n que ofrecen empresas extranjeras a trav\u00e9s de aplicaciones, en la Ciudad de M\u00e9xico, el 22 de mayo del 2023. En medio de reclamos por los encapsulamientos de que fue objeto su marcha por parte de elementos de la polic\u00eda, integrantes del Movimiento Nacional [&hellip;]<\/p>\n","protected":false},"author":1,"featured_media":10925,"comment_status":"closed","ping_status":"closed","sticky":false,"template":"","format":"standard","meta":{"footnotes":""},"categories":[82],"tags":[],"class_list":["post-10924","post","type-post","status-publish","format-standard","has-post-thumbnail","hentry","category-cdmx"],"_links":{"self":[{"href":"https:\/\/themexicopost.com\/index.php?rest_route=\/wp\/v2\/posts\/10924","targetHints":{"allow":["GET"]}}],"collection":[{"href":"https:\/\/themexicopost.com\/index.php?rest_route=\/wp\/v2\/posts"}],"about":[{"href":"https:\/\/themexicopost.com\/index.php?rest_route=\/wp\/v2\/types\/post"}],"author":[{"embeddable":true,"href":"https:\/\/themexicopost.com\/index.php?rest_route=\/wp\/v2\/users\/1"}],"replies":[{"embeddable":true,"href":"https:\/\/themexicopost.com\/index.php?rest_route=%2Fwp%2Fv2%2Fcomments&post=10924"}],"version-history":[{"count":1,"href":"https:\/\/themexicopost.com\/index.php?rest_route=\/wp\/v2\/posts\/10924\/revisions"}],"predecessor-version":[{"id":10926,"href":"https:\/\/themexicopost.com\/index.php?rest_route=\/wp\/v2\/posts\/10924\/revisions\/10926"}],"wp:featuredmedia":[{"embeddable":true,"href":"https:\/\/themexicopost.com\/index.php?rest_route=\/wp\/v2\/media\/10925"}],"wp:attachment":[{"href":"https:\/\/themexicopost.com\/index.php?rest_route=%2Fwp%2Fv2%2Fmedia&parent=10924"}],"wp:term":[{"taxonomy":"category","embeddable":true,"href":"https:\/\/themexicopost.com\/index.php?rest_route=%2Fwp%2Fv2%2Fcategories&post=10924"},{"taxonomy":"post_tag","embeddable":true,"href":"https:\/\/themexicopost.com\/index.php?rest_route=%2Fwp%2Fv2%2Ftags&post=10924"}],"curies":[{"name":"wp","href":"https:\/\/api.w.org\/{rel}","templated":true}]}}