{"id":14106,"date":"2023-07-07T13:07:52","date_gmt":"2023-07-07T13:07:52","guid":{"rendered":"https:\/\/themexicopost.com\/?p=14106"},"modified":"2023-07-07T13:07:53","modified_gmt":"2023-07-07T13:07:53","slug":"profesores-se-manifiestan-en-inglaterra-exigiendo-mejores-salarios","status":"publish","type":"post","link":"https:\/\/themexicopost.com\/?p=14106","title":{"rendered":"Profesores se manifiestan en Inglaterra exigiendo mejores salarios"},"content":{"rendered":"\n<figure class=\"wp-block-pullquote\"><blockquote><p>Las manifestaciones coincidieron con diferentes eventos relacionados con el final del periodo escolar.<\/p><\/blockquote><\/figure>\n\n\n\n<p class=\"has-drop-cap\">Los docentes de Inglaterra (Reino Unido) volvieron a salir a las calles para exigir al Gobierno un aumento salarial y financiaci\u00f3n para las instituciones educativas, que sean acordes con la creciente inflaci\u00f3n, informa The Telegraph.<br><\/p>\n\n\n\n<p>Las movilizaciones comenzaron este mi\u00e9rcoles y fueron convocadas por el Sindicato Nacional de Educaci\u00f3n (NEU, por sus siglas en ingl\u00e9s) brit\u00e1nico. Est\u00e1 previsto que las manifestaciones se prolonguen hasta este viernes, coincidiendo con una serie de eventos relacionados con el final del periodo escolar.<br><\/p>\n\n\n\n<p>Otros tres sindicatos de trabajadores de la educaci\u00f3n tambi\u00e9n instaron a sus afiliados a unirse a las protestas del NEU y advirtieron al Gobierno que, si no cumple las exigencias planteadas, volver\u00e1n a salir a las calles en oto\u00f1o.<br><\/p>\n\n\n\n<p>Los docentes han realizado peri\u00f3dicamente protestas desde febrero, despu\u00e9s de que rechazaran la propuesta de las autoridades de aumentar los salarios en un 4,5 % para el a\u00f1o que viene. El Ejecutivo brit\u00e1nico tambi\u00e9n ofreci\u00f3 un pago \u00fanico de 1.000 libras (unos 1.270 d\u00f3lares) para este a\u00f1o, pero los maestros consideran esas medidas insuficientes.<br><\/p>\n\n\n\n<p>El rechazo de los maestros a la propuesta gubernamental se bas\u00f3 en un informe del \u00d3rgano de Revisi\u00f3n de Docentes Escolares (STRB, por sus siglas en ingl\u00e9s), que recomend\u00f3 un incremento salarial del 6,5 %.<br><\/p>\n\n\n\n<p>El secretario general electo del NEU, Daniel Kebede, advirti\u00f3 que las amenazas del primer ministro, Rishi Sunak, de bloquear la subida de los salarios del sector p\u00fablico por temor a que aumente la inflaci\u00f3n en el Reino Unido solo desatar\u00e1n la indignaci\u00f3n de los educadores y provocar\u00e1n m\u00e1s huelgas.<br><\/p>\n\n\n\n<p>Por su parte, un portavoz del Ministerio de Educaci\u00f3n asegur\u00f3 que las medidas adoptadas por el Ejecutivo y su propuesta salarial son &#8220;justas&#8221;. &#8220;Cualquier huelga es muy perjudicial. Hemos hecho una oferta salarial justa y razonable a los profesores, reconociendo su incre\u00edble trabajo y compromiso&#8221;, asever\u00f3.<\/p>\n","protected":false},"excerpt":{"rendered":"<p>Las manifestaciones coincidieron con diferentes eventos relacionados con el final del periodo escolar. Los docentes de Inglaterra (Reino Unido) volvieron a salir a las calles para exigir al Gobierno un aumento salarial y financiaci\u00f3n para las instituciones educativas, que sean acordes con la creciente inflaci\u00f3n, informa The Telegraph. Las movilizaciones comenzaron este mi\u00e9rcoles y fueron [&hellip;]<\/p>\n","protected":false},"author":1,"featured_media":14107,"comment_status":"closed","ping_status":"closed","sticky":false,"template":"","format":"standard","meta":{"footnotes":""},"categories":[83,85],"tags":[],"class_list":["post-14106","post","type-post","status-publish","format-standard","has-post-thumbnail","hentry","category-destacado","category-portada"],"_links":{"self":[{"href":"https:\/\/themexicopost.com\/index.php?rest_route=\/wp\/v2\/posts\/14106","targetHints":{"allow":["GET"]}}],"collection":[{"href":"https:\/\/themexicopost.com\/index.php?rest_route=\/wp\/v2\/posts"}],"about":[{"href":"https:\/\/themexicopost.com\/index.php?rest_route=\/wp\/v2\/types\/post"}],"author":[{"embeddable":true,"href":"https:\/\/themexicopost.com\/index.php?rest_route=\/wp\/v2\/users\/1"}],"replies":[{"embeddable":true,"href":"https:\/\/themexicopost.com\/index.php?rest_route=%2Fwp%2Fv2%2Fcomments&post=14106"}],"version-history":[{"count":1,"href":"https:\/\/themexicopost.com\/index.php?rest_route=\/wp\/v2\/posts\/14106\/revisions"}],"predecessor-version":[{"id":14108,"href":"https:\/\/themexicopost.com\/index.php?rest_route=\/wp\/v2\/posts\/14106\/revisions\/14108"}],"wp:featuredmedia":[{"embeddable":true,"href":"https:\/\/themexicopost.com\/index.php?rest_route=\/wp\/v2\/media\/14107"}],"wp:attachment":[{"href":"https:\/\/themexicopost.com\/index.php?rest_route=%2Fwp%2Fv2%2Fmedia&parent=14106"}],"wp:term":[{"taxonomy":"category","embeddable":true,"href":"https:\/\/themexicopost.com\/index.php?rest_route=%2Fwp%2Fv2%2Fcategories&post=14106"},{"taxonomy":"post_tag","embeddable":true,"href":"https:\/\/themexicopost.com\/index.php?rest_route=%2Fwp%2Fv2%2Ftags&post=14106"}],"curies":[{"name":"wp","href":"https:\/\/api.w.org\/{rel}","templated":true}]}}