{"id":14157,"date":"2023-07-07T16:24:40","date_gmt":"2023-07-07T16:24:40","guid":{"rendered":"https:\/\/themexicopost.com\/?p=14157"},"modified":"2023-07-07T16:24:41","modified_gmt":"2023-07-07T16:24:41","slug":"aprueba-eeuu-el-primer-farmaco-que-ralentiza-el-avance-del-alzheimer","status":"publish","type":"post","link":"https:\/\/themexicopost.com\/?p=14157","title":{"rendered":"Aprueba EEUU el primer f\u00e1rmaco que ralentiza el avance del Alzheimer"},"content":{"rendered":"\n<figure class=\"wp-block-pullquote\"><blockquote><p>El f\u00e1rmaco ataca los dep\u00f3sitos de una prote\u00edna llamada beta-amiloide y modera el declive de las funciones cognitivas en un 27%.<\/p><\/blockquote><\/figure>\n\n\n\n<p class=\"has-drop-cap\">La Administraci\u00f3n de Alimentos y Medicamentos de Estados Unidos (FDA, por sus siglas en ingl\u00e9s) aprob\u00f3 el jueves por primera vez un f\u00e1rmaco que ralentiza modestamente la enfermedad de Alzheimer, un avance que ofrece cierta esperanza en el tratamiento de esta dolencia que destruye la memoria, pero que tambi\u00e9n plantea dif\u00edciles cuestiones de seguridad, eficacia y coste.<br><\/p>\n\n\n\n<p>La agencia hab\u00eda concedido previamente al f\u00e1rmaco, llamado Leqembi, una aprobaci\u00f3n acelerada basada en su capacidad para reducir los c\u00famulos de amiloide en el cerebro, una caracter\u00edstica distintiva del Alzheimer.<br><\/p>\n\n\n\n<p>La decisi\u00f3n del jueves se bas\u00f3 en datos posteriores que mostraban que el tratamiento ralentizaba el deterioro cognitivo y funcional en un 27% en 18 meses en comparaci\u00f3n con el placebo. Seg\u00fan los expertos, esto supuso una ralentizaci\u00f3n de la progresi\u00f3n de cinco meses.<br><\/p>\n\n\n\n<p>El f\u00e1rmaco, que se administra por v\u00eda intravenosa cada dos semanas, es para pacientes en fase inicial con deterioro cognitivo leve o demencia incipiente causada por el Alzheimer, y una acumulaci\u00f3n confirmada de amiloide en sus cerebros.<br><\/p>\n\n\n\n<p>La FDA exige que la etiqueta del f\u00e1rmaco incluya una \u201cadvertencia en caja\u201d. Esta advertencia, a veces denominada \u201crecuadro negro\u201d, indica que Leqembi y otros f\u00e1rmacos antiamiloides de nueva generaci\u00f3n pueden provocar inflamaci\u00f3n y hemorragias cerebrales.<br><\/p>\n\n\n\n<p>El efecto secundario, denominado ARIA -anomal\u00edas de la imagen relacionadas con el amiloide- suele ser asintom\u00e1tico. Pero en raras ocasiones pueden producirse incidentes potencialmente mortales, seg\u00fan la advertencia.<br><\/p>\n\n\n\n<p>Se cree que la muerte de tres pacientes en una parte ampliada del ensayo principal de Leqembi est\u00e1 relacionada con el f\u00e1rmaco. Alrededor del 21% de los participantes en el ensayo que recibieron el f\u00e1rmaco sufrieron inflamaci\u00f3n o hemorragia cerebral, o ambas cosas, en comparaci\u00f3n con el 9% de los que recibieron el placebo.<br><\/p>\n\n\n\n<p>La advertencia en recuadro tambi\u00e9n se\u00f1ala que los pacientes con dos copias de una variante gen\u00e9tica que aumenta el riesgo de desarrollar Alzheimer -denominada APOE4- parecen tener un mayor riesgo de complicaciones y que deben someterse a pruebas gen\u00e9ticas antes de recibir el f\u00e1rmaco.<br><\/p>\n\n\n\n<p>En otra parte de la etiqueta, la FDA insta a los m\u00e9dicos a tener precauci\u00f3n al recetar Leqembi a personas que toman anticoagulantes. Algunas cl\u00ednicas han declarado que no tienen previsto administrar el f\u00e1rmaco a personas que toman anticoagulantes por temor a posibles hemorragias cerebrales.<br><\/p>\n\n\n\n<p>Leqembi, de las empresas farmac\u00e9uticas Eisai, de Tokio, y Biogen, de Cambridge (Massachusetts), es un anticuerpo monoclonal, o prote\u00edna fabricada en laboratorio, que act\u00faa sobre la beta amiloide del cerebro. No es una cura ni restaura los recuerdos da\u00f1ados por esta enfermedad neurodegenerativa mortal. Pero muchos neur\u00f3logos afirman que disponer de un f\u00e1rmaco que ralentice el Alzheimer, aunque sea modestamente, es un hito tras a\u00f1os de ensayos fallidos.<br><\/p>\n\n\n\n<p>No obstante, los efectos secundarios del f\u00e1rmaco y su precio de 26.500 d\u00f3lares al a\u00f1o han generado controversia sobre el medicamento, tambi\u00e9n llamado lecanemab. Algunos m\u00e9dicos se muestran esc\u00e9pticos al respecto, pues dudan de que el amiloide sea la causa principal del Alzheimer.<\/p>\n","protected":false},"excerpt":{"rendered":"<p>El f\u00e1rmaco ataca los dep\u00f3sitos de una prote\u00edna llamada beta-amiloide y modera el declive de las funciones cognitivas en un 27%. La Administraci\u00f3n de Alimentos y Medicamentos de Estados Unidos (FDA, por sus siglas en ingl\u00e9s) aprob\u00f3 el jueves por primera vez un f\u00e1rmaco que ralentiza modestamente la enfermedad de Alzheimer, un avance que ofrece [&hellip;]<\/p>\n","protected":false},"author":1,"featured_media":14158,"comment_status":"closed","ping_status":"closed","sticky":false,"template":"","format":"standard","meta":{"footnotes":""},"categories":[80],"tags":[],"class_list":["post-14157","post","type-post","status-publish","format-standard","has-post-thumbnail","hentry","category-mundo"],"_links":{"self":[{"href":"https:\/\/themexicopost.com\/index.php?rest_route=\/wp\/v2\/posts\/14157","targetHints":{"allow":["GET"]}}],"collection":[{"href":"https:\/\/themexicopost.com\/index.php?rest_route=\/wp\/v2\/posts"}],"about":[{"href":"https:\/\/themexicopost.com\/index.php?rest_route=\/wp\/v2\/types\/post"}],"author":[{"embeddable":true,"href":"https:\/\/themexicopost.com\/index.php?rest_route=\/wp\/v2\/users\/1"}],"replies":[{"embeddable":true,"href":"https:\/\/themexicopost.com\/index.php?rest_route=%2Fwp%2Fv2%2Fcomments&post=14157"}],"version-history":[{"count":1,"href":"https:\/\/themexicopost.com\/index.php?rest_route=\/wp\/v2\/posts\/14157\/revisions"}],"predecessor-version":[{"id":14159,"href":"https:\/\/themexicopost.com\/index.php?rest_route=\/wp\/v2\/posts\/14157\/revisions\/14159"}],"wp:featuredmedia":[{"embeddable":true,"href":"https:\/\/themexicopost.com\/index.php?rest_route=\/wp\/v2\/media\/14158"}],"wp:attachment":[{"href":"https:\/\/themexicopost.com\/index.php?rest_route=%2Fwp%2Fv2%2Fmedia&parent=14157"}],"wp:term":[{"taxonomy":"category","embeddable":true,"href":"https:\/\/themexicopost.com\/index.php?rest_route=%2Fwp%2Fv2%2Fcategories&post=14157"},{"taxonomy":"post_tag","embeddable":true,"href":"https:\/\/themexicopost.com\/index.php?rest_route=%2Fwp%2Fv2%2Ftags&post=14157"}],"curies":[{"name":"wp","href":"https:\/\/api.w.org\/{rel}","templated":true}]}}