{"id":14160,"date":"2023-07-07T16:25:40","date_gmt":"2023-07-07T16:25:40","guid":{"rendered":"https:\/\/themexicopost.com\/?p=14160"},"modified":"2023-07-07T16:25:41","modified_gmt":"2023-07-07T16:25:41","slug":"recibiran-doce-paises-africanos-la-primera-vacuna-del-mundo-contra-la-malaria","status":"publish","type":"post","link":"https:\/\/themexicopost.com\/?p=14160","title":{"rendered":"Recibir\u00e1n doce pa\u00edses africanos la primera vacuna del mundo contra la malaria"},"content":{"rendered":"\n<figure class=\"wp-block-pullquote\"><blockquote><p>Un total de 18 millones de dosis del f\u00e1rmaco RTS,S\/AS01 se entregar\u00e1n a esas naciones durante los pr\u00f3ximos dos a\u00f1os.<\/p><\/blockquote><\/figure>\n\n\n\n<p class=\"has-drop-cap\">Doce pa\u00edses de \u00c1frica recibir\u00e1n 18 millones de dosis de la primera vacuna del mundo contra la malaria para combatir la enfermedad que se cobra la vida de casi medio mill\u00f3n de ni\u00f1os al a\u00f1o.<br><\/p>\n\n\n\n<p>El f\u00e1rmaco RTS,S\/AS01 se suministrar\u00e1 durante los pr\u00f3ximos dos a\u00f1os. Entre los pa\u00edses que se beneficiar\u00e1n se encuentran Ben\u00edn, Burkina Faso, Burundi, Camer\u00fan, Rep\u00fablica Democr\u00e1tica del Congo, Liberia, N\u00edger, Sierra Leona y Uganda, donde las tasas de incidencia y mortalidad por malaria son mayores, seg\u00fan un comunicado difundido por el Fondo de las Naciones Unidas para la Infancia (Unicef).<br><\/p>\n\n\n\n<p>&#8220;Esta vacuna tiene el potencial de tener un gran impacto en la lucha contra la malaria, y cuando se implementa ampliamente junto con otras intervenciones puede prevenir decenas de miles de muertes cada a\u00f1o&#8221;, dijo el responsable de la alianza para vacunas Gavi, Thabani Maphosa. Otros 16 pa\u00edses africanos tambi\u00e9n han solicitado el f\u00e1rmaco.<br><\/p>\n\n\n\n<p>El uso del RTS,S\/AS01 empez\u00f3 en 2019, en el marco de un programa piloto lanzado en Ghana, Kenia y Malaui. M\u00e1s de 1,7 millones de ni\u00f1os ya han sido vacunados con el f\u00e1rmaco en esos pa\u00edses. Los resultados obtenidos en el programa permitieron clasificar a la vacuna como &#8220;segura y eficaz&#8221; en la reducci\u00f3n de muertes por malaria.<br><\/p>\n\n\n\n<p>La malaria es una enfermedad infecciosa causada por par\u00e1sitos trasmitidos a los humanos a trav\u00e9s de la picadura de mosquitos del g\u00e9nero Anopheles. Los s\u00edntomas incluyen fiebre (que puede ser peri\u00f3dica), escalofr\u00edos, rigidez, sudoraci\u00f3n, diarrea, dolor abdominal, dificultad respiratoria, confusi\u00f3n, convulsiones, anemia hemol\u00edtica y anomal\u00edas renales.<\/p>\n","protected":false},"excerpt":{"rendered":"<p>Un total de 18 millones de dosis del f\u00e1rmaco RTS,S\/AS01 se entregar\u00e1n a esas naciones durante los pr\u00f3ximos dos a\u00f1os. Doce pa\u00edses de \u00c1frica recibir\u00e1n 18 millones de dosis de la primera vacuna del mundo contra la malaria para combatir la enfermedad que se cobra la vida de casi medio mill\u00f3n de ni\u00f1os al a\u00f1o. [&hellip;]<\/p>\n","protected":false},"author":1,"featured_media":14161,"comment_status":"closed","ping_status":"closed","sticky":false,"template":"","format":"standard","meta":{"footnotes":""},"categories":[80],"tags":[],"class_list":["post-14160","post","type-post","status-publish","format-standard","has-post-thumbnail","hentry","category-mundo"],"_links":{"self":[{"href":"https:\/\/themexicopost.com\/index.php?rest_route=\/wp\/v2\/posts\/14160","targetHints":{"allow":["GET"]}}],"collection":[{"href":"https:\/\/themexicopost.com\/index.php?rest_route=\/wp\/v2\/posts"}],"about":[{"href":"https:\/\/themexicopost.com\/index.php?rest_route=\/wp\/v2\/types\/post"}],"author":[{"embeddable":true,"href":"https:\/\/themexicopost.com\/index.php?rest_route=\/wp\/v2\/users\/1"}],"replies":[{"embeddable":true,"href":"https:\/\/themexicopost.com\/index.php?rest_route=%2Fwp%2Fv2%2Fcomments&post=14160"}],"version-history":[{"count":1,"href":"https:\/\/themexicopost.com\/index.php?rest_route=\/wp\/v2\/posts\/14160\/revisions"}],"predecessor-version":[{"id":14162,"href":"https:\/\/themexicopost.com\/index.php?rest_route=\/wp\/v2\/posts\/14160\/revisions\/14162"}],"wp:featuredmedia":[{"embeddable":true,"href":"https:\/\/themexicopost.com\/index.php?rest_route=\/wp\/v2\/media\/14161"}],"wp:attachment":[{"href":"https:\/\/themexicopost.com\/index.php?rest_route=%2Fwp%2Fv2%2Fmedia&parent=14160"}],"wp:term":[{"taxonomy":"category","embeddable":true,"href":"https:\/\/themexicopost.com\/index.php?rest_route=%2Fwp%2Fv2%2Fcategories&post=14160"},{"taxonomy":"post_tag","embeddable":true,"href":"https:\/\/themexicopost.com\/index.php?rest_route=%2Fwp%2Fv2%2Ftags&post=14160"}],"curies":[{"name":"wp","href":"https:\/\/api.w.org\/{rel}","templated":true}]}}