{"id":19058,"date":"2023-09-14T11:53:41","date_gmt":"2023-09-14T11:53:41","guid":{"rendered":"https:\/\/themexicopost.com\/?p=19058"},"modified":"2023-10-17T20:27:03","modified_gmt":"2023-10-17T20:27:03","slug":"no-habra-aumento-en-presupuesto-para-2024-ana-guevara","status":"publish","type":"post","link":"https:\/\/themexicopost.com\/?p=19058","title":{"rendered":"No habr\u00e1 aumento en presupuesto para 2024: Ana Guevara"},"content":{"rendered":"\n<figure class=\"wp-block-pullquote\"><blockquote><p>A pesar de ser a\u00f1o ol\u00edmpico Guevara niega aument\u00f3 y asevera que no est\u00e1n en n\u00fameros rojos.<\/p><\/blockquote><\/figure>\n\n\n\n<p class=\"has-drop-cap\">El 2024 es un a\u00f1o fundamental para muchos deportistas porque se desarrollar\u00e1 la justa m\u00e1s importante de todas: los Juegos Ol\u00edmpicos en Par\u00eds, Francia. Sin embargo, la titular de la Comisi\u00f3n Nacional de Cultura F\u00edsica y Deporte (Conade), Ana Gabriela Guevara, indic\u00f3 que no habr\u00e1 aumento en el presupuesto.<br><\/p>\n\n\n\n<p>A pesar de que ya van 20 deportistas hasta este momento que han conseguido su plaza ol\u00edmpica, ya sea individual o por equipo, y que en el transcurso de los siguientes meses habr\u00e1 m\u00e1s clasificados, no habr\u00e1 un aumento en el dinero que tendr\u00e1 la Conade para el siguiente a\u00f1o.<br><\/p>\n\n\n\n<p>Todo se debe, de acuerdo con palabras de Ana Gabriela Guevara, que las finanzas en la Conade y en las diferentes ramas en las que se da un presupuesto, se encuentran en \u00f3ptimas condiciones y que han cumplido en apoyarlos en lo que han necesitado.<br><\/p>\n\n\n\n<figure class=\"wp-block-image size-large\"><img fetchpriority=\"high\" decoding=\"async\" width=\"1024\" height=\"683\" src=\"https:\/\/themexicopost.com\/wp-content\/uploads\/2023\/09\/no-habra-1024x683.jpg\" alt=\"\" class=\"wp-image-19060\" srcset=\"https:\/\/themexicopost.com\/wp-content\/uploads\/2023\/09\/no-habra-1024x683.jpg 1024w, https:\/\/themexicopost.com\/wp-content\/uploads\/2023\/09\/no-habra-300x200.jpg 300w, https:\/\/themexicopost.com\/wp-content\/uploads\/2023\/09\/no-habra-768x512.jpg 768w, https:\/\/themexicopost.com\/wp-content\/uploads\/2023\/09\/no-habra-330x220.jpg 330w, https:\/\/themexicopost.com\/wp-content\/uploads\/2023\/09\/no-habra-420x280.jpg 420w, https:\/\/themexicopost.com\/wp-content\/uploads\/2023\/09\/no-habra-615x410.jpg 615w, https:\/\/themexicopost.com\/wp-content\/uploads\/2023\/09\/no-habra-860x573.jpg 860w, https:\/\/themexicopost.com\/wp-content\/uploads\/2023\/09\/no-habra.jpg 1200w\" sizes=\"(max-width: 1024px) 100vw, 1024px\" \/><\/figure>\n\n\n\n<p>\u201cEs un a\u00f1o complicado porque tenemos Juegos Ol\u00edmpicos. El equipo mexicano viaja mucho por competencias, campamentos y fogueo, pero no requerimos de m\u00e1s presupuesto, ha sido muy balanceado, muy equilibrado la manera de administrar el recurso; no hemos entrado en n\u00fameros rojos\u201d, mencion\u00f3.<br><\/p>\n\n\n\n<p>Adem\u00e1s, la ex corredora ol\u00edmpica enfatiz\u00f3 que el cambio de sexenio que se dar\u00e1 en 2024 tambi\u00e9n dificulta solicitar un mayor presupuesto, pese a que es un a\u00f1o fundamental por los Juegos Ol\u00edmpicos que se llevar\u00e1n a cabo en Par\u00eds.<br><\/p>\n\n\n\n<p>\u201cA partir de que el paquete econ\u00f3mico sea ya aprobado y que a partir de ello tambi\u00e9n podamos garantizar este tipo de eventos. Es un a\u00f1o at\u00edpico, dif\u00edcil, nos toca salir pr\u00e1cticamente con los Juegos Ol\u00edmpicos, tampoco hemos hecho olas por levantar la mano, justo por el cierre de sexenio, de administraci\u00f3n\u201d.<\/p>\n","protected":false},"excerpt":{"rendered":"<p>A pesar de ser a\u00f1o ol\u00edmpico Guevara niega aument\u00f3 y asevera que no est\u00e1n en n\u00fameros rojos. El 2024 es un a\u00f1o fundamental para muchos deportistas porque se desarrollar\u00e1 la justa m\u00e1s importante de todas: los Juegos Ol\u00edmpicos en Par\u00eds, Francia. Sin embargo, la titular de la Comisi\u00f3n Nacional de Cultura F\u00edsica y Deporte (Conade), [&hellip;]<\/p>\n","protected":false},"author":1,"featured_media":19059,"comment_status":"closed","ping_status":"closed","sticky":false,"template":"","format":"standard","meta":{"footnotes":""},"categories":[79],"tags":[],"class_list":["post-19058","post","type-post","status-publish","format-standard","has-post-thumbnail","hentry","category-deportes"],"_links":{"self":[{"href":"https:\/\/themexicopost.com\/index.php?rest_route=\/wp\/v2\/posts\/19058","targetHints":{"allow":["GET"]}}],"collection":[{"href":"https:\/\/themexicopost.com\/index.php?rest_route=\/wp\/v2\/posts"}],"about":[{"href":"https:\/\/themexicopost.com\/index.php?rest_route=\/wp\/v2\/types\/post"}],"author":[{"embeddable":true,"href":"https:\/\/themexicopost.com\/index.php?rest_route=\/wp\/v2\/users\/1"}],"replies":[{"embeddable":true,"href":"https:\/\/themexicopost.com\/index.php?rest_route=%2Fwp%2Fv2%2Fcomments&post=19058"}],"version-history":[{"count":1,"href":"https:\/\/themexicopost.com\/index.php?rest_route=\/wp\/v2\/posts\/19058\/revisions"}],"predecessor-version":[{"id":19061,"href":"https:\/\/themexicopost.com\/index.php?rest_route=\/wp\/v2\/posts\/19058\/revisions\/19061"}],"wp:featuredmedia":[{"embeddable":true,"href":"https:\/\/themexicopost.com\/index.php?rest_route=\/wp\/v2\/media\/19059"}],"wp:attachment":[{"href":"https:\/\/themexicopost.com\/index.php?rest_route=%2Fwp%2Fv2%2Fmedia&parent=19058"}],"wp:term":[{"taxonomy":"category","embeddable":true,"href":"https:\/\/themexicopost.com\/index.php?rest_route=%2Fwp%2Fv2%2Fcategories&post=19058"},{"taxonomy":"post_tag","embeddable":true,"href":"https:\/\/themexicopost.com\/index.php?rest_route=%2Fwp%2Fv2%2Ftags&post=19058"}],"curies":[{"name":"wp","href":"https:\/\/api.w.org\/{rel}","templated":true}]}}