{"id":19062,"date":"2023-09-14T11:54:28","date_gmt":"2023-09-14T11:54:28","guid":{"rendered":"https:\/\/themexicopost.com\/?p=19062"},"modified":"2023-10-17T20:27:03","modified_gmt":"2023-10-17T20:27:03","slug":"podria-tsunoda-unirse-como-piloto-de-red-bull-junto-a-checo-perez-y-max-verstappen","status":"publish","type":"post","link":"https:\/\/themexicopost.com\/?p=19062","title":{"rendered":"Podr\u00eda Tsunoda unirse como piloto de Red Bull junto a Checo P\u00e9rez y Max Verstappen"},"content":{"rendered":"\n<figure class=\"wp-block-pullquote\"><blockquote><p>El piloto japon\u00e9s ceder\u00eda su lugar en la escuder\u00eda AlphaTauri para unirse al l\u00edder de la F1 como conductor de reserva.<\/p><\/blockquote><\/figure>\n\n\n\n<p class=\"has-drop-cap\">El japon\u00e9s Yuki Tsunoda es en estos momentos el piloto &#8216;estrella&#8217; de AlphaTauri, filial de Red Bull en la F\u00f3rmula 1, al grado de que muchas veces se ha llegado a especular con su posible salto al equipo de las bebidas energ\u00e9ticas, sin embargo, esto podr\u00eda que no se diera de la manera esperada.<br><\/p>\n\n\n\n<p>El japon\u00e9s Yuki Tsunoda es en estos momentos el piloto &#8216;estrella&#8217; de AlphaTauri, filial de Red Bull en la F\u00f3rmula 1, al grado de que muchas veces se ha llegado a especular con su posible salto al equipo de las bebidas energ\u00e9ticas, sin embargo, esto podr\u00eda que no se diera de la manera esperada.<br><\/p>\n\n\n\n<p>De acuerdo a informaci\u00f3n de Racer, el nip\u00f3n ser\u00eda &#8216;sacrificado&#8217; del equipo italiano para la temporada 2024 del Gran Circo, y pasar\u00eda a formar parte de Red Bull, pero como el piloto de reserva del bicampe\u00f3n mundial Max Verstappen y el mexicano Checo P\u00e9rez, que est\u00e1n seguros en esta escuder\u00eda como titulares para el siguiente a\u00f1o.<br><\/p>\n\n\n\n<p>El motivo de esta modificaci\u00f3n en el organigrama de Red Bull no ser\u00eda tanto por el nivel mostrado de parte del nip\u00f3n, sino m\u00e1s bien una consecuencia de todo lo sucedido en AlphaTauri en 2023 desde la salida de Nyck De Vries.<br><\/p>\n\n\n\n<p>Los directivos de Red Bull consideran que el nexo de Tsunoda con Honda podr\u00eda generar un choque de intereses, sin embargo deben mantenerlo en la organizaci\u00f3n porque tiene contrato vigente en 2024, pero desean que AlphaTauri tenga como pilotos titulares a los oce\u00e1nicos Daniel Ricciardo y Liam Lawson.<br><\/p>\n\n\n\n<p>Ricciardo lleg\u00f3 a la filial de Red Bull esta campa\u00f1a pero no ha tenido tiempo de mostrarse por una lesi\u00f3n en su mu\u00f1eca derivada de un choque en el GP de los Pa\u00edses Bajos, mientras que Lawson se ha ganado la confianza del equipo por sus buenas actuaciones en las \u00faltimas carreras, sustituyendo al australiano.<br><\/p>\n\n\n\n<p>Tsunoda lleg\u00f3 a la m\u00e1xima categor\u00eda del automovilismo con AlphaTauri en 2021, escuder\u00eda con la que ha participado desde ese momento, con actuaciones irregulares.<br><\/p>\n\n\n\n<p>Durante esta temporada, el japon\u00e9s ha sido el \u00fanico piloto de su equipo que ha logrado sumar puntos con las tres unidades cosechadas hasta el momento en la temporada, misma que ha resultado decepcionante para los de Faenza, que ocupan el \u00faltimo lugar del campeonato de constructores.<\/p>\n","protected":false},"excerpt":{"rendered":"<p>El piloto japon\u00e9s ceder\u00eda su lugar en la escuder\u00eda AlphaTauri para unirse al l\u00edder de la F1 como conductor de reserva. El japon\u00e9s Yuki Tsunoda es en estos momentos el piloto &#8216;estrella&#8217; de AlphaTauri, filial de Red Bull en la F\u00f3rmula 1, al grado de que muchas veces se ha llegado a especular con su [&hellip;]<\/p>\n","protected":false},"author":1,"featured_media":19063,"comment_status":"closed","ping_status":"closed","sticky":false,"template":"","format":"standard","meta":{"footnotes":""},"categories":[79,83],"tags":[],"class_list":["post-19062","post","type-post","status-publish","format-standard","has-post-thumbnail","hentry","category-deportes","category-destacado"],"_links":{"self":[{"href":"https:\/\/themexicopost.com\/index.php?rest_route=\/wp\/v2\/posts\/19062","targetHints":{"allow":["GET"]}}],"collection":[{"href":"https:\/\/themexicopost.com\/index.php?rest_route=\/wp\/v2\/posts"}],"about":[{"href":"https:\/\/themexicopost.com\/index.php?rest_route=\/wp\/v2\/types\/post"}],"author":[{"embeddable":true,"href":"https:\/\/themexicopost.com\/index.php?rest_route=\/wp\/v2\/users\/1"}],"replies":[{"embeddable":true,"href":"https:\/\/themexicopost.com\/index.php?rest_route=%2Fwp%2Fv2%2Fcomments&post=19062"}],"version-history":[{"count":1,"href":"https:\/\/themexicopost.com\/index.php?rest_route=\/wp\/v2\/posts\/19062\/revisions"}],"predecessor-version":[{"id":19064,"href":"https:\/\/themexicopost.com\/index.php?rest_route=\/wp\/v2\/posts\/19062\/revisions\/19064"}],"wp:featuredmedia":[{"embeddable":true,"href":"https:\/\/themexicopost.com\/index.php?rest_route=\/wp\/v2\/media\/19063"}],"wp:attachment":[{"href":"https:\/\/themexicopost.com\/index.php?rest_route=%2Fwp%2Fv2%2Fmedia&parent=19062"}],"wp:term":[{"taxonomy":"category","embeddable":true,"href":"https:\/\/themexicopost.com\/index.php?rest_route=%2Fwp%2Fv2%2Fcategories&post=19062"},{"taxonomy":"post_tag","embeddable":true,"href":"https:\/\/themexicopost.com\/index.php?rest_route=%2Fwp%2Fv2%2Ftags&post=19062"}],"curies":[{"name":"wp","href":"https:\/\/api.w.org\/{rel}","templated":true}]}}