{"id":22757,"date":"2023-11-07T15:46:05","date_gmt":"2023-11-07T15:46:05","guid":{"rendered":"https:\/\/themexicopost.com\/?p=22757"},"modified":"2023-11-07T15:46:07","modified_gmt":"2023-11-07T15:46:07","slug":"el-caso-de-caster-semenya-llegara-a-la-gran-sala-del-tribunal-europeo-de-los-derechos-humanos","status":"publish","type":"post","link":"https:\/\/themexicopost.com\/?p=22757","title":{"rendered":"El caso de Caster Semenya llegar\u00e1 a la Gran Sala del Tribunal Europeo de los Derechos Humanos"},"content":{"rendered":"\n<figure class=\"wp-block-pullquote\"><blockquote><p>La atleta sudafricana lleva a\u00f1os luchando contra las autoridades para que la dejen correr en su especialidad.<\/p><\/blockquote><\/figure>\n\n\n\n<p class=\"has-drop-cap\">El caso de la atleta sudafricana Carmen Semenya, llegar\u00e1 a la Gran Sala del Tribunal Europeo de los Derechos Humanos (TEDH).<br><\/p>\n\n\n\n<p>La corredora fue vetada en 2018 de las carreras de 400, 800 y 1.500 metros por World Athletics (m\u00e1ximo organismo a nivel mundial), debido sus altos \u00edndices de testosterona. Desde entonces, Semenya ha tenido que pelear contra los organismos que le prohibieron competir en dichas disciplinas.<br><\/p>\n\n\n\n<p>Tras a\u00f1os de lucha, el 11 de julio, el TEDH, fall\u00f3 a favor de Semenya, asegurando que la atleta fue v\u00edctima de discriminaci\u00f3n por parte de la Federaci\u00f3n Internacional. Adem\u00e1s, los jueces condenaron a Suiza, que es el lugar donde se establece el TAS. Lo anterior, debido a que dicho tribunal rechaz\u00f3 en 2020 la petici\u00f3n de Caster Semenya para no someterse a tratamientos hormonales.<br><\/p>\n\n\n\n<p>El fallo del TAS, no le permiti\u00f3 a la atleta sudafricana defender su t\u00edtulo en los Juegos Ol\u00edmpicos de Tokio 2020 (disputados en 2021 por pandemia).<br><\/p>\n\n\n\n<p>Sin embargo, las autoridades suizas apoyadas por World Athletics decidieron presentar el caso ante la Gran Sala del TEDH. Dicha instancia sirve para presentar recursos cuyas decisiones son definitivas.<br><\/p>\n\n\n\n<p>\u201cEl 6 de noviembre de 2023 el caso fue reenviado ante la Gran Sala por solicitud del gobierno suizo\u201c, detall\u00f3 el tribunal en un comunicado.<br><\/p>\n\n\n\n<p>La atleta sudafricana Caster Semenya, padece de hiperandrogenismo, es decir, un aumento en los andr\u00f3genos o mayor expresi\u00f3n de \u00e9stos. Por lo que en los ex\u00e1menes m\u00e9dicos, la corredora siempre ha manifestado un mayor \u00edndice de testosterona a diferencia del promedio en las mujeres.<br><\/p>\n\n\n\n<p>Dicha situaci\u00f3n lleg\u00f3 hasta los tribunales, pues en principio, Semenya fue obligada a tomar un tratamiento hormonal si quer\u00eda continuar compitiendo en ciertas categor\u00edas. Algo que s\u00ed hizo pero, seg\u00fan ella misma, las consecuencias fueron negativas para su salud f\u00edsica y mental.<br><\/p>\n\n\n\n<p>En la actualidad, con 32 a\u00f1os de edad, la atleta sudafricana sigue compitiendo en los cinco mil metros, sin embargo, su desempe\u00f1o no es tan bueno como en las pruebas de su especialidad, mismas en las que no compite desde hace cinco a\u00f1os.<br><\/p>\n\n\n\n<p>Caster Semenya acumula en su palmar\u00e9s dos medallas de oro ol\u00edmpicas en los 800 metros rama femenil, as\u00ed como tres t\u00edtulos en el campeonato mundial de la misma categor\u00eda. Adem\u00e1s, fue doble medallista de oro en los Juegos de la Commonwealth de 2018, en 800 y 1500 metros planos.<\/p>\n","protected":false},"excerpt":{"rendered":"<p>La atleta sudafricana lleva a\u00f1os luchando contra las autoridades para que la dejen correr en su especialidad. El caso de la atleta sudafricana Carmen Semenya, llegar\u00e1 a la Gran Sala del Tribunal Europeo de los Derechos Humanos (TEDH). La corredora fue vetada en 2018 de las carreras de 400, 800 y 1.500 metros por World [&hellip;]<\/p>\n","protected":false},"author":1,"featured_media":22758,"comment_status":"closed","ping_status":"closed","sticky":false,"template":"","format":"standard","meta":{"footnotes":""},"categories":[80],"tags":[],"class_list":["post-22757","post","type-post","status-publish","format-standard","has-post-thumbnail","hentry","category-mundo"],"_links":{"self":[{"href":"https:\/\/themexicopost.com\/index.php?rest_route=\/wp\/v2\/posts\/22757","targetHints":{"allow":["GET"]}}],"collection":[{"href":"https:\/\/themexicopost.com\/index.php?rest_route=\/wp\/v2\/posts"}],"about":[{"href":"https:\/\/themexicopost.com\/index.php?rest_route=\/wp\/v2\/types\/post"}],"author":[{"embeddable":true,"href":"https:\/\/themexicopost.com\/index.php?rest_route=\/wp\/v2\/users\/1"}],"replies":[{"embeddable":true,"href":"https:\/\/themexicopost.com\/index.php?rest_route=%2Fwp%2Fv2%2Fcomments&post=22757"}],"version-history":[{"count":1,"href":"https:\/\/themexicopost.com\/index.php?rest_route=\/wp\/v2\/posts\/22757\/revisions"}],"predecessor-version":[{"id":22759,"href":"https:\/\/themexicopost.com\/index.php?rest_route=\/wp\/v2\/posts\/22757\/revisions\/22759"}],"wp:featuredmedia":[{"embeddable":true,"href":"https:\/\/themexicopost.com\/index.php?rest_route=\/wp\/v2\/media\/22758"}],"wp:attachment":[{"href":"https:\/\/themexicopost.com\/index.php?rest_route=%2Fwp%2Fv2%2Fmedia&parent=22757"}],"wp:term":[{"taxonomy":"category","embeddable":true,"href":"https:\/\/themexicopost.com\/index.php?rest_route=%2Fwp%2Fv2%2Fcategories&post=22757"},{"taxonomy":"post_tag","embeddable":true,"href":"https:\/\/themexicopost.com\/index.php?rest_route=%2Fwp%2Fv2%2Ftags&post=22757"}],"curies":[{"name":"wp","href":"https:\/\/api.w.org\/{rel}","templated":true}]}}