{"id":22775,"date":"2023-11-07T15:57:56","date_gmt":"2023-11-07T15:57:56","guid":{"rendered":"https:\/\/themexicopost.com\/?p=22775"},"modified":"2023-11-07T15:57:57","modified_gmt":"2023-11-07T15:57:57","slug":"reconoce-oms-y-ops-a-quintana-roo-por-erradicacion-del-paludismo","status":"publish","type":"post","link":"https:\/\/themexicopost.com\/?p=22775","title":{"rendered":"Reconoce OMS y OPS a Quintana Roo por erradicaci\u00f3n del paludismo"},"content":{"rendered":"\n<figure class=\"wp-block-pullquote\"><blockquote><p>La gobernadora Mara Lezama destac\u00f3 el trabajo conjunto de sociedad y sector salud.<\/p><\/blockquote><\/figure>\n\n\n\n<p class=\"has-drop-cap\">La Organizaci\u00f3n Mundial de la Salud (OMS) y la Organizaci\u00f3n Panamericana de la Salud (OPS) reconocieron a Quintana Roo por las acciones que promueve la gobernadora Mara Lezama Espinosa para erradicar el paludismo, con el galard\u00f3n \u201cCampeones de la Malaria de las Am\u00e9ricas 2023\u201d.<br><\/p>\n\n\n\n<p>La mandataria estatal destac\u00f3 que este reconocimiento es para el pueblo quintanarroense que ha contribuido, en conjunto con las tareas del personal del sector salud, con acciones preventivas a fin de evitar la transmisi\u00f3n del paludismo, como se procura a trav\u00e9s del Nuevo Acuerdo por el Bienestar y Desarrollo, para cuidar el bienestar de la poblaci\u00f3n.<br><\/p>\n\n\n\n<p>La OMS y la OPS valoraron el impacto de acciones al interrumpir la transmisi\u00f3n del paludismo y erradicar la presencia de casos de esta enfermedad en un contexto de gran movilidad poblacional derivada de la actividad tur\u00edstica, explic\u00f3 el secretario de Salud de Quintana Roo, Flavio Carlos Rosado, quien precis\u00f3 que Quintana Roo result\u00f3 ganador de entre 27 participantes.<br><\/p>\n\n\n\n<p>Desde el inicio de su administraci\u00f3n, Lezama Espinosa instruy\u00f3 fortalecer las acciones de salud para la ciudadan\u00eda, principalmente de las comunidades m\u00e1s apartadas, porque tiene a las personas en el centro de las acciones de gobierno, dijo, para vivir con bienestar.<br><\/p>\n\n\n\n<p>El galard\u00f3n \u201cCampeones de la Malaria de las Am\u00e9ricas 2023\u201d fue entregado a Quintana Roo por los resultados obtenidos con la suma de esfuerzos en materia de vigilancia epidemiol\u00f3gica, diagn\u00f3stico por laboratorio, vigilancia entomol\u00f3gica, notificantes voluntarios, sanidad internacional y atenci\u00f3n m\u00e9dica.<br><\/p>\n\n\n\n<p>\u201cCampeones de la Malaria\u201d es un esfuerzo de colaboraci\u00f3n entre la OPS, la Fundaci\u00f3n de las Naciones Unidas, la Escuela de Salud P\u00fablica del Instituto Milken de la Universidad George Washington, el Centro de Programas de Comunicaci\u00f3n de la Universidad Johns Hopkins, la Universidad Internacional de Florida y la Sociedad Americana de Medicina Tropical y Salud.<\/p>\n","protected":false},"excerpt":{"rendered":"<p>La gobernadora Mara Lezama destac\u00f3 el trabajo conjunto de sociedad y sector salud. La Organizaci\u00f3n Mundial de la Salud (OMS) y la Organizaci\u00f3n Panamericana de la Salud (OPS) reconocieron a Quintana Roo por las acciones que promueve la gobernadora Mara Lezama Espinosa para erradicar el paludismo, con el galard\u00f3n \u201cCampeones de la Malaria de las [&hellip;]<\/p>\n","protected":false},"author":1,"featured_media":22776,"comment_status":"closed","ping_status":"closed","sticky":false,"template":"","format":"standard","meta":{"footnotes":""},"categories":[81],"tags":[],"class_list":["post-22775","post","type-post","status-publish","format-standard","has-post-thumbnail","hentry","category-nacional"],"_links":{"self":[{"href":"https:\/\/themexicopost.com\/index.php?rest_route=\/wp\/v2\/posts\/22775","targetHints":{"allow":["GET"]}}],"collection":[{"href":"https:\/\/themexicopost.com\/index.php?rest_route=\/wp\/v2\/posts"}],"about":[{"href":"https:\/\/themexicopost.com\/index.php?rest_route=\/wp\/v2\/types\/post"}],"author":[{"embeddable":true,"href":"https:\/\/themexicopost.com\/index.php?rest_route=\/wp\/v2\/users\/1"}],"replies":[{"embeddable":true,"href":"https:\/\/themexicopost.com\/index.php?rest_route=%2Fwp%2Fv2%2Fcomments&post=22775"}],"version-history":[{"count":1,"href":"https:\/\/themexicopost.com\/index.php?rest_route=\/wp\/v2\/posts\/22775\/revisions"}],"predecessor-version":[{"id":22777,"href":"https:\/\/themexicopost.com\/index.php?rest_route=\/wp\/v2\/posts\/22775\/revisions\/22777"}],"wp:featuredmedia":[{"embeddable":true,"href":"https:\/\/themexicopost.com\/index.php?rest_route=\/wp\/v2\/media\/22776"}],"wp:attachment":[{"href":"https:\/\/themexicopost.com\/index.php?rest_route=%2Fwp%2Fv2%2Fmedia&parent=22775"}],"wp:term":[{"taxonomy":"category","embeddable":true,"href":"https:\/\/themexicopost.com\/index.php?rest_route=%2Fwp%2Fv2%2Fcategories&post=22775"},{"taxonomy":"post_tag","embeddable":true,"href":"https:\/\/themexicopost.com\/index.php?rest_route=%2Fwp%2Fv2%2Ftags&post=22775"}],"curies":[{"name":"wp","href":"https:\/\/api.w.org\/{rel}","templated":true}]}}