{"id":22802,"date":"2023-11-07T16:19:31","date_gmt":"2023-11-07T16:19:31","guid":{"rendered":"https:\/\/themexicopost.com\/?p=22802"},"modified":"2023-11-07T16:19:32","modified_gmt":"2023-11-07T16:19:32","slug":"en-nigeria-militantes-matan-a-agricultores-amenazando-el-suministro-de-alimentos","status":"publish","type":"post","link":"https:\/\/themexicopost.com\/?p=22802","title":{"rendered":"En Nigeria militantes matan a agricultores, amenazando el suministro de alimentos"},"content":{"rendered":"\n<figure class=\"wp-block-pullquote\"><blockquote><p>El ataque ha provocado nuevas preocupaciones sobre el suministro de alimentos en el pa\u00eds.<\/p><\/blockquote><\/figure>\n\n\n\n<p class=\"has-drop-cap\">Rebeldes isl\u00e1micos mataron a 11 agricultores y secuestraron a varios m\u00e1s en el noreste de Nigeria, dijeron el lunes lugare\u00f1os y autoridades, en el \u00faltimo de varios ataques de este tipo que, seg\u00fan los analistas, amenazan el suministro de alimentos en la regi\u00f3n m\u00e1s afectada.<br><\/p>\n\n\n\n<p>Los rebeldes atacaron a los agricultores mientras trabajaban en sus campos en el distrito Jere del estado de Borno el domingo por la tarde antes de decapitarlos y disparar e herir a otros mientras escapaban, seg\u00fan Dauda Ibrahim, un residente de la zona.<br><\/p>\n\n\n\n<p>&#8220;Alrededor de seis de los agricultores asesinados eran de la misma familia&#8221;, dijo Dauda.<br><\/p>\n\n\n\n<p>El portavoz de la polic\u00eda de Borno, Daso Nahum, confirm\u00f3 el ataque pero no pudo proporcionar m\u00e1s detalles y dijo que el jefe de polic\u00eda del estado se encuentra en la zona para evaluar la situaci\u00f3n.<br><\/p>\n\n\n\n<figure class=\"wp-block-image size-large\"><img fetchpriority=\"high\" decoding=\"async\" width=\"1024\" height=\"683\" src=\"https:\/\/themexicopost.com\/wp-content\/uploads\/2023\/11\/en-nigeria-1024x683.jpg\" alt=\"\" class=\"wp-image-22804\" srcset=\"https:\/\/themexicopost.com\/wp-content\/uploads\/2023\/11\/en-nigeria-1024x683.jpg 1024w, https:\/\/themexicopost.com\/wp-content\/uploads\/2023\/11\/en-nigeria-300x200.jpg 300w, https:\/\/themexicopost.com\/wp-content\/uploads\/2023\/11\/en-nigeria-768x512.jpg 768w, https:\/\/themexicopost.com\/wp-content\/uploads\/2023\/11\/en-nigeria-330x220.jpg 330w, https:\/\/themexicopost.com\/wp-content\/uploads\/2023\/11\/en-nigeria-420x280.jpg 420w, https:\/\/themexicopost.com\/wp-content\/uploads\/2023\/11\/en-nigeria-615x410.jpg 615w, https:\/\/themexicopost.com\/wp-content\/uploads\/2023\/11\/en-nigeria-860x573.jpg 860w, https:\/\/themexicopost.com\/wp-content\/uploads\/2023\/11\/en-nigeria.jpg 1200w\" sizes=\"(max-width: 1024px) 100vw, 1024px\" \/><\/figure>\n\n\n\n<p>Este tipo de ataques contra agricultores se han vuelto rampantes en el estado de Borno, donde rebeldes extremistas isl\u00e1micos lanzaron una insurgencia en 2009 para luchar contra la educaci\u00f3n occidental y establecer la ley isl\u00e1mica Shariah en la regi\u00f3n.<br><\/p>\n\n\n\n<p>Los ataques han aumentado los temores de que el hambre empeore en la conflictiva regi\u00f3n donde 4,4 millones de personas enfrentan hambre aguda, seg\u00fan el Programa Mundial de Alimentos de las Naciones Unidas.<br><\/p>\n\n\n\n<p>Al menos 35.000 personas han muerto y m\u00e1s de 2 millones han sido desplazadas debido a la violencia del grupo Boko Haram y una facci\u00f3n separatista respaldada por el Estado Isl\u00e1mico, seg\u00fan agencias de la ONU en Nigeria.<br><\/p>\n\n\n\n<p>&#8220;Estos ataques a las granjas tienen implicaciones importantes para la seguridad alimentaria en la regi\u00f3n&#8221;, dijo Bukar Babakura, analista de asuntos p\u00fablicos en Borno. Dijo que los residentes de Borno est\u00e1n \u201cprofundamente preocupados\u201d por las consecuencias a largo plazo de los ataques, especialmente para las comunidades que dependen de lo que producen para sustentarse.<br><\/p>\n\n\n\n<p>David Steven, consultor de seguimiento y evaluaci\u00f3n con sede en Borno, dijo que los ataques podr\u00edan causar m\u00e1s dificultades en la empobrecida regi\u00f3n.<br><\/p>\n\n\n\n<p>&#8220;La frecuencia e intensidad de estos ataques ya hacen temer que puedan volverse m\u00e1s generalizados e incluso m\u00e1s violentos&#8221;, afirm\u00f3 Steven.<\/p>\n","protected":false},"excerpt":{"rendered":"<p>El ataque ha provocado nuevas preocupaciones sobre el suministro de alimentos en el pa\u00eds. Rebeldes isl\u00e1micos mataron a 11 agricultores y secuestraron a varios m\u00e1s en el noreste de Nigeria, dijeron el lunes lugare\u00f1os y autoridades, en el \u00faltimo de varios ataques de este tipo que, seg\u00fan los analistas, amenazan el suministro de alimentos en [&hellip;]<\/p>\n","protected":false},"author":1,"featured_media":22803,"comment_status":"closed","ping_status":"closed","sticky":false,"template":"","format":"standard","meta":{"footnotes":""},"categories":[80],"tags":[],"class_list":["post-22802","post","type-post","status-publish","format-standard","has-post-thumbnail","hentry","category-mundo"],"_links":{"self":[{"href":"https:\/\/themexicopost.com\/index.php?rest_route=\/wp\/v2\/posts\/22802","targetHints":{"allow":["GET"]}}],"collection":[{"href":"https:\/\/themexicopost.com\/index.php?rest_route=\/wp\/v2\/posts"}],"about":[{"href":"https:\/\/themexicopost.com\/index.php?rest_route=\/wp\/v2\/types\/post"}],"author":[{"embeddable":true,"href":"https:\/\/themexicopost.com\/index.php?rest_route=\/wp\/v2\/users\/1"}],"replies":[{"embeddable":true,"href":"https:\/\/themexicopost.com\/index.php?rest_route=%2Fwp%2Fv2%2Fcomments&post=22802"}],"version-history":[{"count":1,"href":"https:\/\/themexicopost.com\/index.php?rest_route=\/wp\/v2\/posts\/22802\/revisions"}],"predecessor-version":[{"id":22805,"href":"https:\/\/themexicopost.com\/index.php?rest_route=\/wp\/v2\/posts\/22802\/revisions\/22805"}],"wp:featuredmedia":[{"embeddable":true,"href":"https:\/\/themexicopost.com\/index.php?rest_route=\/wp\/v2\/media\/22803"}],"wp:attachment":[{"href":"https:\/\/themexicopost.com\/index.php?rest_route=%2Fwp%2Fv2%2Fmedia&parent=22802"}],"wp:term":[{"taxonomy":"category","embeddable":true,"href":"https:\/\/themexicopost.com\/index.php?rest_route=%2Fwp%2Fv2%2Fcategories&post=22802"},{"taxonomy":"post_tag","embeddable":true,"href":"https:\/\/themexicopost.com\/index.php?rest_route=%2Fwp%2Fv2%2Ftags&post=22802"}],"curies":[{"name":"wp","href":"https:\/\/api.w.org\/{rel}","templated":true}]}}