{"id":23071,"date":"2023-11-10T14:34:01","date_gmt":"2023-11-10T14:34:01","guid":{"rendered":"https:\/\/themexicopost.com\/?p=23071"},"modified":"2023-11-10T14:34:02","modified_gmt":"2023-11-10T14:34:02","slug":"arrestan-en-costa-rica-a-empleados-bancarios-por-el-robo-de-6-millones-de-dolares","status":"publish","type":"post","link":"https:\/\/themexicopost.com\/?p=23071","title":{"rendered":"Arrestan en Costa Rica a empleados bancarios por el robo de 6 millones de d\u00f3lares"},"content":{"rendered":"\n<p class=\"has-drop-cap\">Las autoridades costarricenses detuvieron el mi\u00e9rcoles a ocho empleados del banco comercial m\u00e1s grande del pa\u00eds en relaci\u00f3n con el robo de m\u00e1s de 6 millones de d\u00f3lares, el mayor delito en los 109 a\u00f1os de historia del banco.<br><\/p>\n\n\n\n<p>Los ocho detenidos, as\u00ed como el director jur\u00eddico del banco, son sospechosos de delitos que incluyen facilitaci\u00f3n de hurto, incumplimiento de deberes, malversaci\u00f3n y lavado de dinero, dijeron las autoridades.<br><\/p>\n\n\n\n<p>Los 3.300 millones de colones (6,2 millones de d\u00f3lares) en cuesti\u00f3n fueron detectados por primera vez como desaparecidos en el Banco Nacional de Costa Rica en agosto mediante auditor\u00edas internas, y el mes pasado la fiscal\u00eda general anunci\u00f3 una investigaci\u00f3n.<br><\/p>\n\n\n\n<p>El principal sospechoso es un empleado bancario de bajo nivel acusado de robar dinero en efectivo y esconderlo en bolsas de papel fuera de la vista de las c\u00e1maras de seguridad, dijeron los investigadores.<br><\/p>\n\n\n\n<p>Las autoridades creen que el empleado apost\u00f3 parte del dinero.<br><\/p>\n\n\n\n<p>&#8220;Debo admitir que me duele, me entristece y me indigna&#8221;, dijo el presidente ejecutivo del banco, Bernardo Alfaro, en un video compartido por el banco en las redes sociales la semana pasada.<br><\/p>\n\n\n\n<p>El banco no descansar\u00e1 hasta que la investigaci\u00f3n llegue a sus \u00faltimas consecuencias, dijo Alfaro, quien tambi\u00e9n es candidato a presidir el Banco Centroamericano de Integraci\u00f3n Econ\u00f3mica.<br><\/p>\n\n\n\n<p>El fiscal general Carlo D\u00edaz dijo que el gobierno estaba investigando la posibilidad de que vinieran \u00f3rdenes desde arriba de no denunciar el robo.<\/p>\n","protected":false},"excerpt":{"rendered":"<p>Las autoridades costarricenses detuvieron el mi\u00e9rcoles a ocho empleados del banco comercial m\u00e1s grande del pa\u00eds en relaci\u00f3n con el robo de m\u00e1s de 6 millones de d\u00f3lares, el mayor delito en los 109 a\u00f1os de historia del banco. Los ocho detenidos, as\u00ed como el director jur\u00eddico del banco, son sospechosos de delitos que incluyen [&hellip;]<\/p>\n","protected":false},"author":1,"featured_media":23072,"comment_status":"closed","ping_status":"closed","sticky":false,"template":"","format":"standard","meta":{"footnotes":""},"categories":[80],"tags":[],"class_list":["post-23071","post","type-post","status-publish","format-standard","has-post-thumbnail","hentry","category-mundo"],"_links":{"self":[{"href":"https:\/\/themexicopost.com\/index.php?rest_route=\/wp\/v2\/posts\/23071","targetHints":{"allow":["GET"]}}],"collection":[{"href":"https:\/\/themexicopost.com\/index.php?rest_route=\/wp\/v2\/posts"}],"about":[{"href":"https:\/\/themexicopost.com\/index.php?rest_route=\/wp\/v2\/types\/post"}],"author":[{"embeddable":true,"href":"https:\/\/themexicopost.com\/index.php?rest_route=\/wp\/v2\/users\/1"}],"replies":[{"embeddable":true,"href":"https:\/\/themexicopost.com\/index.php?rest_route=%2Fwp%2Fv2%2Fcomments&post=23071"}],"version-history":[{"count":1,"href":"https:\/\/themexicopost.com\/index.php?rest_route=\/wp\/v2\/posts\/23071\/revisions"}],"predecessor-version":[{"id":23073,"href":"https:\/\/themexicopost.com\/index.php?rest_route=\/wp\/v2\/posts\/23071\/revisions\/23073"}],"wp:featuredmedia":[{"embeddable":true,"href":"https:\/\/themexicopost.com\/index.php?rest_route=\/wp\/v2\/media\/23072"}],"wp:attachment":[{"href":"https:\/\/themexicopost.com\/index.php?rest_route=%2Fwp%2Fv2%2Fmedia&parent=23071"}],"wp:term":[{"taxonomy":"category","embeddable":true,"href":"https:\/\/themexicopost.com\/index.php?rest_route=%2Fwp%2Fv2%2Fcategories&post=23071"},{"taxonomy":"post_tag","embeddable":true,"href":"https:\/\/themexicopost.com\/index.php?rest_route=%2Fwp%2Fv2%2Ftags&post=23071"}],"curies":[{"name":"wp","href":"https:\/\/api.w.org\/{rel}","templated":true}]}}