{"id":23077,"date":"2023-11-10T14:36:15","date_gmt":"2023-11-10T14:36:15","guid":{"rendered":"https:\/\/themexicopost.com\/?p=23077"},"modified":"2023-11-10T14:36:16","modified_gmt":"2023-11-10T14:36:16","slug":"en-huelga-trabajadores-del-metro-en-corea-del-sur","status":"publish","type":"post","link":"https:\/\/themexicopost.com\/?p=23077","title":{"rendered":"En huelga trabajadores del metro en Corea del Sur"},"content":{"rendered":"\n<figure class=\"wp-block-pullquote\"><blockquote><p>El mes pasado, la ciudad aument\u00f3 las tarifas del metro por primera vez desde 2015.<\/p><\/blockquote><\/figure>\n\n\n\n<p class=\"has-drop-cap\">M\u00e1s de 10.000 trabajadores sindicalizados del metro de Corea del Sur lanzaron una huelga de dos d\u00edas el jueves en protesta contra la presi\u00f3n del operador del metro para realizar recortes de empleo para frenar la creciente deuda, causando perturbaciones a algunos viajeros en el \u00e1rea metropolitana de Se\u00fal.<br><\/p>\n\n\n\n<p>La huelga se produjo horas despu\u00e9s de que las negociaciones entre el Metro de Se\u00fal y sus dos principales sindicatos fracasaran debido a diferencias sobre el plan del operador de reducir su fuerza laboral en aproximadamente un 13%, o m\u00e1s de 2.200, para 2026.<br><\/p>\n\n\n\n<p>Los operadores del metro de Se\u00fal han lidiado durante a\u00f1os con deudas, en parte por viajes gratuitos para personas mayores, mientras la cuarta econom\u00eda m\u00e1s grande de Asia enfrenta un r\u00e1pido envejecimiento de la poblaci\u00f3n y crecientes costos de asistencia social.<br><\/p>\n\n\n\n<p>No hubo grandes repercusiones durante la hora punta de la ma\u00f1ana, ya que la huelga comenz\u00f3 a las 9 de la ma\u00f1ana y un sindicato m\u00e1s peque\u00f1o abandon\u00f3 la huelga en el \u00faltimo minuto. Pero las autoridades de la ciudad advirtieron sobre algunos retrasos por la noche y se comprometieron a movilizar trenes, autobuses y trabajadores sustitutos de emergencia.<br><\/p>\n\n\n\n<p>El ministro de Empleo y Trabajo, Lee Jung-sik, lament\u00f3 la huelga y dijo que se esforzar\u00eda por llegar a un compromiso y al mismo tiempo responder\u00eda a cualquier acto ilegal.<br><\/p>\n\n\n\n<p>Lee pidi\u00f3 esfuerzos para frenar la deuda del operador del metro, que super\u00f3 los 1,7 billones de wones (1.300 millones de d\u00f3lares) el a\u00f1o pasado.<br><\/p>\n\n\n\n<p>El mes pasado, la ciudad aument\u00f3 las tarifas del metro por primera vez desde 2015, alrededor de un 12%, como parte de los esfuerzos para reducir la deuda, aunque siguen vigentes los viajes gratuitos para las personas mayores.<br><\/p>\n\n\n\n<p>El sindicato prometi\u00f3 continuar las negociaciones para normalizar las operaciones del metro lo antes posible, pero dijo que la compa\u00f1\u00eda deber\u00eda presentar una posici\u00f3n &#8220;con visi\u00f3n de futuro&#8221; sobre su plan de reducci\u00f3n de personal.<\/p>\n","protected":false},"excerpt":{"rendered":"<p>El mes pasado, la ciudad aument\u00f3 las tarifas del metro por primera vez desde 2015. M\u00e1s de 10.000 trabajadores sindicalizados del metro de Corea del Sur lanzaron una huelga de dos d\u00edas el jueves en protesta contra la presi\u00f3n del operador del metro para realizar recortes de empleo para frenar la creciente deuda, causando perturbaciones [&hellip;]<\/p>\n","protected":false},"author":1,"featured_media":23078,"comment_status":"closed","ping_status":"closed","sticky":false,"template":"","format":"standard","meta":{"footnotes":""},"categories":[80],"tags":[],"class_list":["post-23077","post","type-post","status-publish","format-standard","has-post-thumbnail","hentry","category-mundo"],"_links":{"self":[{"href":"https:\/\/themexicopost.com\/index.php?rest_route=\/wp\/v2\/posts\/23077","targetHints":{"allow":["GET"]}}],"collection":[{"href":"https:\/\/themexicopost.com\/index.php?rest_route=\/wp\/v2\/posts"}],"about":[{"href":"https:\/\/themexicopost.com\/index.php?rest_route=\/wp\/v2\/types\/post"}],"author":[{"embeddable":true,"href":"https:\/\/themexicopost.com\/index.php?rest_route=\/wp\/v2\/users\/1"}],"replies":[{"embeddable":true,"href":"https:\/\/themexicopost.com\/index.php?rest_route=%2Fwp%2Fv2%2Fcomments&post=23077"}],"version-history":[{"count":1,"href":"https:\/\/themexicopost.com\/index.php?rest_route=\/wp\/v2\/posts\/23077\/revisions"}],"predecessor-version":[{"id":23079,"href":"https:\/\/themexicopost.com\/index.php?rest_route=\/wp\/v2\/posts\/23077\/revisions\/23079"}],"wp:featuredmedia":[{"embeddable":true,"href":"https:\/\/themexicopost.com\/index.php?rest_route=\/wp\/v2\/media\/23078"}],"wp:attachment":[{"href":"https:\/\/themexicopost.com\/index.php?rest_route=%2Fwp%2Fv2%2Fmedia&parent=23077"}],"wp:term":[{"taxonomy":"category","embeddable":true,"href":"https:\/\/themexicopost.com\/index.php?rest_route=%2Fwp%2Fv2%2Fcategories&post=23077"},{"taxonomy":"post_tag","embeddable":true,"href":"https:\/\/themexicopost.com\/index.php?rest_route=%2Fwp%2Fv2%2Ftags&post=23077"}],"curies":[{"name":"wp","href":"https:\/\/api.w.org\/{rel}","templated":true}]}}