{"id":23080,"date":"2023-11-10T14:36:44","date_gmt":"2023-11-10T14:36:44","guid":{"rendered":"https:\/\/themexicopost.com\/?p=23080"},"modified":"2023-11-10T14:36:45","modified_gmt":"2023-11-10T14:36:45","slug":"experimenta-la-tierra-los-doce-meses-mas-calurosos-jamas-registrados","status":"publish","type":"post","link":"https:\/\/themexicopost.com\/?p=23080","title":{"rendered":"Experimenta la Tierra los doce meses m\u00e1s calurosos jam\u00e1s registrados"},"content":{"rendered":"\n<figure class=\"wp-block-pullquote\"><blockquote><p>El calor del a\u00f1o pasado se ha atenuado porque los oc\u00e9anos han estado absorbiendo la mayor parte del exceso de calor relacionado con el cambio clim\u00e1tico.<\/p><\/blockquote><\/figure>\n\n\n\n<p class=\"has-drop-cap\">Los \u00faltimos 12 meses fueron los m\u00e1s calurosos jam\u00e1s registrados en la Tierra, seg\u00fan un nuevo informe de Climate Central, un grupo de investigaci\u00f3n cient\u00edfica sin fines de lucro.<br><\/p>\n\n\n\n<p>El informe revisado dice que la quema de gasolina, carb\u00f3n, gas natural y otros combustibles f\u00f3siles que liberan gases que calientan el planeta, como el di\u00f3xido de carbono, y otras actividades humanas causaron el calentamiento antinatural de noviembre de 2022 a octubre de 2023.<br><\/p>\n\n\n\n<p>A lo largo del a\u00f1o, 7.300 millones de personas, o el 90% de la humanidad, soportaron al menos 10 d\u00edas de altas temperaturas que se hicieron al menos tres veces m\u00e1s probables debido al cambio clim\u00e1tico.<br><\/p>\n\n\n\n<p>Andrew Pershing, cient\u00edfico clim\u00e1tico de Climate Central mencion\u00f3 que mediante los datos recabados se pudo dar cuenta que nadie se encuentra a salvo, ya que en todo el mundo se experiment\u00f3 un calor inusual, provocado por el clima y esto fue durante cualquier momento del a\u00f1o.<br><\/p>\n\n\n\n<p>La temperatura global promedio fue 1,3 grados Celsius m\u00e1s alta que el clima preindustrial, que seg\u00fan los cient\u00edficos est\u00e1 cerca del l\u00edmite que los pa\u00edses acordaron no superar en el Acuerdo de Par\u00eds: un aumento de 1,5 C. Los impactos fueron evidentes: uno de cada cuatro seres humanos, o 1.900 millones de personas, sufri\u00f3 peligrosas olas de calor.<br><\/p>\n\n\n\n<p>En este punto, dijo Jason Smerdon, cient\u00edfico clim\u00e1tico de la Universidad de Columbia, nadie deber\u00eda tomarse por sorpresa. &#8220;Es como estar en una escalera mec\u00e1nica y sorprenderse de que est\u00e1s subiendo&#8221;, dijo. &#8220;Sabemos que las cosas se est\u00e1n calentando, esto se ha predicho durante d\u00e9cadas&#8221;.<br><\/p>\n\n\n\n<p>Las regiones que se vieron m\u00e1s afectadas por el calor extremo sufrieron por lluvias destructivas porque una atm\u00f3sfera m\u00e1s c\u00e1lida retiene m\u00e1s vapor de agua, lo que permite que las tormentas liberen m\u00e1s precipitaciones.<br><\/p>\n\n\n\n<p>Un ejemplo fue la tormenta Daniel que azot\u00f3 de manera mort\u00edfera \u00c1frica, dejan entre 4 mil y 11 mil muertos, Grecia, Bulgaria y Turqu\u00eda tambi\u00e9n sufrieron da\u00f1os y muertes por la tormenta Daniel.<br><\/p>\n\n\n\n<p>En la India, 1.200 millones de personas, o el 86% de la poblaci\u00f3n, experimentaron al menos 30 d\u00edas de temperaturas elevadas, que el cambio clim\u00e1tico hizo al menos tres veces m\u00e1s probable.<br><\/p>\n\n\n\n<p>La sequ\u00eda en la regi\u00f3n amaz\u00f3nica de Brasil provoc\u00f3 que los r\u00edos se secaran a niveles hist\u00f3ricamente bajos.<br><\/p>\n\n\n\n<p>383 personas murieron en fen\u00f3menos meteorol\u00f3gicos extremos en Estados Unidos, 93 de ellas relacionadas con el incendio forestal de Maui.<br><\/p>\n\n\n\n<p>Canad\u00e1 tuvo que evacuar de su hogar a miles de personas debido a los incendios forestales, que arden durante m\u00e1s tiempo y con mayor intensidad despu\u00e9s de que largos per\u00edodos de calor secan la tierra.<br><\/p>\n\n\n\n<p>Jamaica experiment\u00f3 temperaturas elevadas que fueron cuatro veces m\u00e1s probables debido al cambio clim\u00e1tico durante los \u00faltimos 12 meses.<\/p>\n","protected":false},"excerpt":{"rendered":"<p>El calor del a\u00f1o pasado se ha atenuado porque los oc\u00e9anos han estado absorbiendo la mayor parte del exceso de calor relacionado con el cambio clim\u00e1tico. Los \u00faltimos 12 meses fueron los m\u00e1s calurosos jam\u00e1s registrados en la Tierra, seg\u00fan un nuevo informe de Climate Central, un grupo de investigaci\u00f3n cient\u00edfica sin fines de lucro. [&hellip;]<\/p>\n","protected":false},"author":1,"featured_media":23081,"comment_status":"closed","ping_status":"closed","sticky":false,"template":"","format":"standard","meta":{"footnotes":""},"categories":[80],"tags":[],"class_list":["post-23080","post","type-post","status-publish","format-standard","has-post-thumbnail","hentry","category-mundo"],"_links":{"self":[{"href":"https:\/\/themexicopost.com\/index.php?rest_route=\/wp\/v2\/posts\/23080","targetHints":{"allow":["GET"]}}],"collection":[{"href":"https:\/\/themexicopost.com\/index.php?rest_route=\/wp\/v2\/posts"}],"about":[{"href":"https:\/\/themexicopost.com\/index.php?rest_route=\/wp\/v2\/types\/post"}],"author":[{"embeddable":true,"href":"https:\/\/themexicopost.com\/index.php?rest_route=\/wp\/v2\/users\/1"}],"replies":[{"embeddable":true,"href":"https:\/\/themexicopost.com\/index.php?rest_route=%2Fwp%2Fv2%2Fcomments&post=23080"}],"version-history":[{"count":1,"href":"https:\/\/themexicopost.com\/index.php?rest_route=\/wp\/v2\/posts\/23080\/revisions"}],"predecessor-version":[{"id":23082,"href":"https:\/\/themexicopost.com\/index.php?rest_route=\/wp\/v2\/posts\/23080\/revisions\/23082"}],"wp:featuredmedia":[{"embeddable":true,"href":"https:\/\/themexicopost.com\/index.php?rest_route=\/wp\/v2\/media\/23081"}],"wp:attachment":[{"href":"https:\/\/themexicopost.com\/index.php?rest_route=%2Fwp%2Fv2%2Fmedia&parent=23080"}],"wp:term":[{"taxonomy":"category","embeddable":true,"href":"https:\/\/themexicopost.com\/index.php?rest_route=%2Fwp%2Fv2%2Fcategories&post=23080"},{"taxonomy":"post_tag","embeddable":true,"href":"https:\/\/themexicopost.com\/index.php?rest_route=%2Fwp%2Fv2%2Ftags&post=23080"}],"curies":[{"name":"wp","href":"https:\/\/api.w.org\/{rel}","templated":true}]}}