{"id":23093,"date":"2023-11-10T14:44:31","date_gmt":"2023-11-10T14:44:31","guid":{"rendered":"https:\/\/themexicopost.com\/?p=23093"},"modified":"2023-11-10T14:44:32","modified_gmt":"2023-11-10T14:44:32","slug":"conmemoran-en-alemania-el-kristallnacht-marcado-por-un-aumento-en-el-antisemitismo","status":"publish","type":"post","link":"https:\/\/themexicopost.com\/?p=23093","title":{"rendered":"Conmemoran en Alemania el &#8220;Kristallnacht&#8221; marcado por un aumento en el antisemitismo"},"content":{"rendered":"\n<figure class=\"wp-block-pullquote\"><blockquote><p>Los incidentes de antisemitismo surgieron globalmente desde el estallido de la guerra israel\u00ed-ham\u00e1s, en particular en el alma de Alemania.<\/p><\/blockquote><\/figure>\n\n\n\n<p class=\"has-drop-cap\">En toda Alemania, en escuelas, ayuntamientos, sinagogas, iglesias y parlamentos, la gente se reuni\u00f3 el jueves para conmemorar el 85\u00ba aniversario de la Kristallnacht -o la &#8220;Noche de los cristales rotos&#8221;- en 1938, en la que los nazis aterrorizaron a los jud\u00edos en toda Alemania y Austria.<br><\/p>\n\n\n\n<p>El canciller Olaf Scholz y el principal l\u00edder jud\u00edo de Alemania, Josef Schuster, hablaron en una ceremonia de aniversario en una sinagoga de Berl\u00edn que fue atacada con bombas incendiarias el mes pasado.<br><\/p>\n\n\n\n<p>Scholz dijo en su discurso que los jud\u00edos se han visto especialmente afectados por la exclusi\u00f3n durante siglos, una y otra vez en Alemania los jud\u00edos han sido discriminados a\u00f1adi\u00f3 la canciller, refiri\u00e9ndose al Holocausto por su nombre hebreo.<br><\/p>\n\n\n\n<p>\u201cEso es una verg\u00fcenza. Me indigna y me averg\u00fcenza profundamente\u201d, dijo Scholz. \u201cCualquier forma de antisemitismo envenena nuestra sociedad. No lo toleramos.&#8221;<br><\/p>\n\n\n\n<p>La conmemoraci\u00f3n del pogromo se produce en un momento en que Alemania est\u00e1 viendo nuevamente un fuerte aumento del antisemitismo a ra\u00edz de la guerra entre Israel y Ham\u00e1s, que comenz\u00f3 con una incursi\u00f3n de Ham\u00e1s el 7 de octubre en el sur de Israel que mat\u00f3 a 1.400 personas. Israel respondi\u00f3 con una implacable campa\u00f1a de bombardeos en Gaza que ha matado a miles de palestinos.<br><\/p>\n\n\n\n<figure class=\"wp-block-image size-large\"><img fetchpriority=\"high\" decoding=\"async\" width=\"1024\" height=\"683\" src=\"https:\/\/themexicopost.com\/wp-content\/uploads\/2023\/11\/conmemoran-en-2-1024x683.jpg\" alt=\"\" class=\"wp-image-23095\" srcset=\"https:\/\/themexicopost.com\/wp-content\/uploads\/2023\/11\/conmemoran-en-2-1024x683.jpg 1024w, https:\/\/themexicopost.com\/wp-content\/uploads\/2023\/11\/conmemoran-en-2-300x200.jpg 300w, https:\/\/themexicopost.com\/wp-content\/uploads\/2023\/11\/conmemoran-en-2-768x512.jpg 768w, https:\/\/themexicopost.com\/wp-content\/uploads\/2023\/11\/conmemoran-en-2-330x220.jpg 330w, https:\/\/themexicopost.com\/wp-content\/uploads\/2023\/11\/conmemoran-en-2-420x280.jpg 420w, https:\/\/themexicopost.com\/wp-content\/uploads\/2023\/11\/conmemoran-en-2-615x410.jpg 615w, https:\/\/themexicopost.com\/wp-content\/uploads\/2023\/11\/conmemoran-en-2-860x573.jpg 860w, https:\/\/themexicopost.com\/wp-content\/uploads\/2023\/11\/conmemoran-en-2.jpg 1200w\" sizes=\"(max-width: 1024px) 100vw, 1024px\" \/><\/figure>\n\n\n\n<p>El 9 de noviembre de 1938, los nazis mataron al menos a 91 personas y destrozaron 7.500 negocios jud\u00edos. Tambi\u00e9n quemaron m\u00e1s de 1.400 sinagogas, seg\u00fan el monumento conmemorativo del Holocausto Yad Vashem de Israel.<br><\/p>\n\n\n\n<p>Hasta 30.000 hombres jud\u00edos fueron arrestados, muchos de ellos llevados a campos de concentraci\u00f3n, como Dachau o Buchenwald. Cientos m\u00e1s se suicidaron o murieron como resultado del maltrato en los campos a\u00f1os antes de que comenzaran las deportaciones masivas oficiales.<br><\/p>\n\n\n\n<p>La Kristallnacht fue un punto de inflexi\u00f3n en la creciente persecuci\u00f3n de los jud\u00edos que finalmente condujo al asesinato de 6 millones de jud\u00edos europeos por parte de los nazis y sus partidarios durante el Holocausto.<br><\/p>\n\n\n\n<p>Sin comparaci\u00f3n con lo vivido hace 85 a\u00f1os, muchos jud\u00edos vuelven a vivir con miedo en Alemania y en toda Europa, tratando de ocultar su identidad en p\u00fablico y evitando barrios que recientemente fueron escenario de algunos Protestas violentas y pro palestinas.<br><\/p>\n\n\n\n<p>Los jud\u00edos de Berl\u00edn ten\u00edan pintada la estrella de David en sus casas, y los estudiantes jud\u00edos en escuelas y universidades de todo el pa\u00eds han sufrido intimidaci\u00f3n y discriminaci\u00f3n.<br><\/p>\n\n\n\n<p>Schuster, presidente del Consejo Central de Jud\u00edos en Alemania, dijo que \u201calgo se ha descarrilado en este pa\u00eds. Todav\u00eda existe una oportunidad de reparar esto, pero para hacerlo tambi\u00e9n debemos admitir lo que ha ido mal en los \u00faltimos a\u00f1os, lo que no hemos podido o no hemos querido ver\u201d.<\/p>\n","protected":false},"excerpt":{"rendered":"<p>Los incidentes de antisemitismo surgieron globalmente desde el estallido de la guerra israel\u00ed-ham\u00e1s, en particular en el alma de Alemania. En toda Alemania, en escuelas, ayuntamientos, sinagogas, iglesias y parlamentos, la gente se reuni\u00f3 el jueves para conmemorar el 85\u00ba aniversario de la Kristallnacht -o la &#8220;Noche de los cristales rotos&#8221;- en 1938, en la [&hellip;]<\/p>\n","protected":false},"author":1,"featured_media":23094,"comment_status":"closed","ping_status":"closed","sticky":false,"template":"","format":"standard","meta":{"footnotes":""},"categories":[80],"tags":[],"class_list":["post-23093","post","type-post","status-publish","format-standard","has-post-thumbnail","hentry","category-mundo"],"_links":{"self":[{"href":"https:\/\/themexicopost.com\/index.php?rest_route=\/wp\/v2\/posts\/23093","targetHints":{"allow":["GET"]}}],"collection":[{"href":"https:\/\/themexicopost.com\/index.php?rest_route=\/wp\/v2\/posts"}],"about":[{"href":"https:\/\/themexicopost.com\/index.php?rest_route=\/wp\/v2\/types\/post"}],"author":[{"embeddable":true,"href":"https:\/\/themexicopost.com\/index.php?rest_route=\/wp\/v2\/users\/1"}],"replies":[{"embeddable":true,"href":"https:\/\/themexicopost.com\/index.php?rest_route=%2Fwp%2Fv2%2Fcomments&post=23093"}],"version-history":[{"count":1,"href":"https:\/\/themexicopost.com\/index.php?rest_route=\/wp\/v2\/posts\/23093\/revisions"}],"predecessor-version":[{"id":23096,"href":"https:\/\/themexicopost.com\/index.php?rest_route=\/wp\/v2\/posts\/23093\/revisions\/23096"}],"wp:featuredmedia":[{"embeddable":true,"href":"https:\/\/themexicopost.com\/index.php?rest_route=\/wp\/v2\/media\/23094"}],"wp:attachment":[{"href":"https:\/\/themexicopost.com\/index.php?rest_route=%2Fwp%2Fv2%2Fmedia&parent=23093"}],"wp:term":[{"taxonomy":"category","embeddable":true,"href":"https:\/\/themexicopost.com\/index.php?rest_route=%2Fwp%2Fv2%2Fcategories&post=23093"},{"taxonomy":"post_tag","embeddable":true,"href":"https:\/\/themexicopost.com\/index.php?rest_route=%2Fwp%2Fv2%2Ftags&post=23093"}],"curies":[{"name":"wp","href":"https:\/\/api.w.org\/{rel}","templated":true}]}}