{"id":25484,"date":"2023-12-15T11:46:41","date_gmt":"2023-12-15T11:46:41","guid":{"rendered":"https:\/\/themexicopost.com\/?p=25484"},"modified":"2023-12-15T11:46:42","modified_gmt":"2023-12-15T11:46:42","slug":"resalta-norma-pina-resoluciones-contra-el-ejecutivo-no-buscamos-aplausos-dice","status":"publish","type":"post","link":"https:\/\/themexicopost.com\/?p=25484","title":{"rendered":"Resalta Norma Pi\u00f1a resoluciones contra el Ejecutivo; no buscamos aplausos, dice"},"content":{"rendered":"\n<figure class=\"wp-block-pullquote\"><blockquote><p>La tambi\u00e9n presidenta del Consejo de la Judicatura Federal (CJF) se\u00f1al\u00f3 que la \u201cindependencia judicial es el baluarte indispensable en un Estado democr\u00e1tico\u201d.\u00a0<\/p><\/blockquote><\/figure>\n\n\n\n<p class=\"has-drop-cap\">La ministra presidenta de la Suprema Corte de Justicia de la Naci\u00f3n (SCJN), Norma Pi\u00f1a Hern\u00e1ndez, resalt\u00f3 las resoluciones contra decretos y reformas del presidente Andr\u00e9s Manuel L\u00f3pez Obrador y dijo que el Poder Judicial no trabaja para ganar aplausos.<br><\/p>\n\n\n\n<p>Durante la emisi\u00f3n de su primer informa de laborales, la tambi\u00e9n presidenta del Consejo de la Judicatura Federal (CJF) se\u00f1al\u00f3 que la \u201cindependencia judicial es el baluarte indispensable en un Estado democr\u00e1tico\u201d.<br><\/p>\n\n\n\n<p>Abund\u00f3 que en el Poder Judicial no buscan aplausos, porque \u201cnuestra gu\u00eda es honrar y preservar la justicia. Impartirla con plena convicci\u00f3n, con excelencia, con la mayor firmeza, y con absoluta lealtad a nuestra Constituci\u00f3n\u201d.<br><\/p>\n\n\n\n<p>La ministra presidente asever\u00f3 que la defensa del Poder Judicial, ante el debilitamiento de la Judicatura y la deslegitimaci\u00f3n de su funci\u00f3n social, ha sido desde su interior y exterior por ciudadanos que \u201cven amenazada la defensa de sus derechos, de su dignidad\u201d.<br><\/p>\n\n\n\n<p>Consider\u00f3 que ante la adversidad \u201cnos impulsa a demostrar p\u00fablicamente la esencia de nuestra labor y a reafirmar nuestra convicci\u00f3n de servir a las y los mexicanos con profesionalismo, con excelencia, con integridad y, sobre todo, con un profundo sentido de responsabilidad\u201d.<br><\/p>\n\n\n\n<p>En el Poder Judicial, dijo, \u201csomos conscientes que como instituci\u00f3n p\u00fablica no estamos exentos de fallas, no reconocerlo ser\u00eda un error, no reconocerlo ser\u00eda incompatible con la obligaci\u00f3n de rendir cuentas, propia de un Estado constitucional y democr\u00e1tico de derecho, no reconocerlo ser\u00eda negar el necesario progreso y evoluci\u00f3n de las instituciones y de quienes las integramos\u201d.<br><\/p>\n\n\n\n<p>Pidi\u00f3 a los trabajadores \u201cser m\u00e1s emp\u00e1ticos, m\u00e1s eficaces, eficientes y tener una mayor proximidad con las personas (\u2026) debemos incentivar la autocr\u00edtica con humildad\u201d.<br><\/p>\n\n\n\n<p>Reconoci\u00f3 que la situaci\u00f3n que se nos presenta en el futuro inmediato no solo pone a prueba al Poder Judicial, sino a los propios cimientos de una sociedad basada en los equilibrios democr\u00e1ticos y en el respeto por la ley.<br><\/p>\n\n\n\n<p>Pi\u00f1a Hern\u00e1ndez inform\u00f3 que, el Poder Judicial de la Federaci\u00f3n tuvo una carga de trabajo de 2 millones 25 mil 283 asuntos, de los cuales se resolvieron cerca del 70%. Report\u00f3 que desde el 1 de diciembre de 2022 al 30 de noviembre se recibieron 16 mil 405 asuntos en la Suprema Corte.<br><\/p>\n\n\n\n<p>Norma Pi\u00f1a inform\u00f3 que la Suprema Corte invalid\u00f3 el decreto presidencial que declaraba las obras prioritarias del Gobierno federal como asuntos de Seguridad Nacional.<br><\/p>\n\n\n\n<p>Se\u00f1al\u00f3 que este a\u00f1o, la SCJN permiti\u00f3 al INAI sesionar con cuatro comisionados, ante la omisi\u00f3n del Senado para designar a tres de los integrantes de ese organismo.<br><\/p>\n\n\n\n<p>Indic\u00f3 que otra resoluci\u00f3n fue para que los ni\u00f1os, ni\u00f1as y adolescentes tienen derecho a solicitar su acta de nacimiento con su identidad auto percibida, cuando no se identifiquen con la biol\u00f3gica.<br><\/p>\n\n\n\n<p>Por primera vez, presumi\u00f3, hay en la Suprema Corte un \u00e1rea integrada por cient\u00edficos para brindar apoyo a las ponencias en casos de alta complejidad t\u00e9cnica, como de medio ambiente o riesgos a la salud.<br><\/p>\n\n\n\n<p>Norma Pi\u00f1a destac\u00f3 que el presupuesto del Poder Judicial Federal se ha reducido m\u00e1s del 23% en los \u00faltimos a\u00f1os.<br><\/p>\n\n\n\n<p>Apunt\u00f3 que se instaur\u00f3 una pol\u00edtica de cero tolerancia a la corrupci\u00f3n, no solo como una declaraci\u00f3n de \u201cbuenas intenciones\u201d, sino un compromiso de que quienes opten por actividades il\u00edcitas enfrentar\u00e1n consecuencias severas.<br><\/p>\n\n\n\n<p>Explic\u00f3 que se impusieron 16 sanciones, que van desde apercibimiento hasta la inhabilitaci\u00f3n y destituci\u00f3n, \u201cesto es una muestra de que estamos combatiendo el ejercicio abusivo de la funci\u00f3n p\u00fablica en el Poder Judicial de la Federaci\u00f3n\u201d.<\/p>\n","protected":false},"excerpt":{"rendered":"<p>La tambi\u00e9n presidenta del Consejo de la Judicatura Federal (CJF) se\u00f1al\u00f3 que la \u201cindependencia judicial es el baluarte indispensable en un Estado democr\u00e1tico\u201d.\u00a0 La ministra presidenta de la Suprema Corte de Justicia de la Naci\u00f3n (SCJN), Norma Pi\u00f1a Hern\u00e1ndez, resalt\u00f3 las resoluciones contra decretos y reformas del presidente Andr\u00e9s Manuel L\u00f3pez Obrador y dijo que [&hellip;]<\/p>\n","protected":false},"author":1,"featured_media":25485,"comment_status":"closed","ping_status":"closed","sticky":false,"template":"","format":"standard","meta":{"footnotes":""},"categories":[81],"tags":[],"class_list":["post-25484","post","type-post","status-publish","format-standard","has-post-thumbnail","hentry","category-nacional"],"_links":{"self":[{"href":"https:\/\/themexicopost.com\/index.php?rest_route=\/wp\/v2\/posts\/25484","targetHints":{"allow":["GET"]}}],"collection":[{"href":"https:\/\/themexicopost.com\/index.php?rest_route=\/wp\/v2\/posts"}],"about":[{"href":"https:\/\/themexicopost.com\/index.php?rest_route=\/wp\/v2\/types\/post"}],"author":[{"embeddable":true,"href":"https:\/\/themexicopost.com\/index.php?rest_route=\/wp\/v2\/users\/1"}],"replies":[{"embeddable":true,"href":"https:\/\/themexicopost.com\/index.php?rest_route=%2Fwp%2Fv2%2Fcomments&post=25484"}],"version-history":[{"count":1,"href":"https:\/\/themexicopost.com\/index.php?rest_route=\/wp\/v2\/posts\/25484\/revisions"}],"predecessor-version":[{"id":25486,"href":"https:\/\/themexicopost.com\/index.php?rest_route=\/wp\/v2\/posts\/25484\/revisions\/25486"}],"wp:featuredmedia":[{"embeddable":true,"href":"https:\/\/themexicopost.com\/index.php?rest_route=\/wp\/v2\/media\/25485"}],"wp:attachment":[{"href":"https:\/\/themexicopost.com\/index.php?rest_route=%2Fwp%2Fv2%2Fmedia&parent=25484"}],"wp:term":[{"taxonomy":"category","embeddable":true,"href":"https:\/\/themexicopost.com\/index.php?rest_route=%2Fwp%2Fv2%2Fcategories&post=25484"},{"taxonomy":"post_tag","embeddable":true,"href":"https:\/\/themexicopost.com\/index.php?rest_route=%2Fwp%2Fv2%2Ftags&post=25484"}],"curies":[{"name":"wp","href":"https:\/\/api.w.org\/{rel}","templated":true}]}}