{"id":25487,"date":"2023-12-15T11:47:45","date_gmt":"2023-12-15T11:47:45","guid":{"rendered":"https:\/\/themexicopost.com\/?p=25487"},"modified":"2023-12-15T11:47:46","modified_gmt":"2023-12-15T11:47:46","slug":"94-de-la-poblacion-ya-puede-tener-acceso-a-internet-y-telefonia-amlo","status":"publish","type":"post","link":"https:\/\/themexicopost.com\/?p=25487","title":{"rendered":"94% de la poblaci\u00f3n ya puede tener acceso a Internet y telefon\u00eda: AMLO"},"content":{"rendered":"\n<figure class=\"wp-block-pullquote\"><blockquote><p>El presidente Andr\u00e9s Manuel L\u00f3pez Obrador se\u00f1al\u00f3 que existe la infraestructura, pero se requiere la conectividad, el que se lleva a la pr\u00e1ctica la forma de comunicarnos.<\/p><\/blockquote><\/figure>\n\n\n\n<p class=\"has-drop-cap\">El presidente Andr\u00e9s Manuel L\u00f3pez Obrador asegur\u00f3 que ya se cuenta con la infraestructura para que 94% de la poblaci\u00f3n tenga acceso a internet y telefon\u00eda celular, pero todav\u00eda falta la conectividad.<br><\/p>\n\n\n\n<p>\u201cYa se tiene la infraestructura para que se puedan conectar alrededor del 94% de la poblaci\u00f3n de todo el pa\u00eds con todos los prestadores de servicio. Sin embargo, no se puede hablar que el 94% de la poblaci\u00f3n tenga Internet, existe la infraestructura, pero se requiere la conectividad, el que se lleva a la pr\u00e1ctica la forma de comunicarnos\u201d.<br><\/p>\n\n\n\n<figure class=\"wp-block-image size-large\"><img fetchpriority=\"high\" decoding=\"async\" width=\"1024\" height=\"683\" src=\"https:\/\/themexicopost.com\/wp-content\/uploads\/2023\/12\/94-DE-LA-1024x683.jpg\" alt=\"\" class=\"wp-image-25489\" srcset=\"https:\/\/themexicopost.com\/wp-content\/uploads\/2023\/12\/94-DE-LA-1024x683.jpg 1024w, https:\/\/themexicopost.com\/wp-content\/uploads\/2023\/12\/94-DE-LA-300x200.jpg 300w, https:\/\/themexicopost.com\/wp-content\/uploads\/2023\/12\/94-DE-LA-768x512.jpg 768w, https:\/\/themexicopost.com\/wp-content\/uploads\/2023\/12\/94-DE-LA-330x220.jpg 330w, https:\/\/themexicopost.com\/wp-content\/uploads\/2023\/12\/94-DE-LA-420x280.jpg 420w, https:\/\/themexicopost.com\/wp-content\/uploads\/2023\/12\/94-DE-LA-615x410.jpg 615w, https:\/\/themexicopost.com\/wp-content\/uploads\/2023\/12\/94-DE-LA-860x573.jpg 860w, https:\/\/themexicopost.com\/wp-content\/uploads\/2023\/12\/94-DE-LA.jpg 1200w\" sizes=\"(max-width: 1024px) 100vw, 1024px\" \/><\/figure>\n\n\n\n<p>Explic\u00f3 que durante la conferencia \u201cma\u00f1anera\u201d se le informar\u00e1 a la poblaci\u00f3n como utilizar esa infraestructura.<br><\/p>\n\n\n\n<p>\u201cComo poder tener una tarjeta para usar el tel\u00e9fono y el internet, y eso es lo que se va a explicar y lo vamos a estar haciendo peri\u00f3dicamente, con frecuencia para que todo mundo sepa c\u00f3mo puede tener posibilidad de obtener estas tarjetas y comunicaci\u00f3n, utilizar el servicio\u201d.<br><\/p>\n\n\n\n<p>Record\u00f3 que desde el inicio de su administraci\u00f3n se tom\u00f3 la decisi\u00f3n de llevar internet y telefon\u00eda celular en las comunidades m\u00e1s apartadas del pa\u00eds.<\/p>\n","protected":false},"excerpt":{"rendered":"<p>El presidente Andr\u00e9s Manuel L\u00f3pez Obrador se\u00f1al\u00f3 que existe la infraestructura, pero se requiere la conectividad, el que se lleva a la pr\u00e1ctica la forma de comunicarnos. El presidente Andr\u00e9s Manuel L\u00f3pez Obrador asegur\u00f3 que ya se cuenta con la infraestructura para que 94% de la poblaci\u00f3n tenga acceso a internet y telefon\u00eda celular, pero [&hellip;]<\/p>\n","protected":false},"author":1,"featured_media":25488,"comment_status":"closed","ping_status":"closed","sticky":false,"template":"","format":"standard","meta":{"footnotes":""},"categories":[83,81],"tags":[],"class_list":["post-25487","post","type-post","status-publish","format-standard","has-post-thumbnail","hentry","category-destacado","category-nacional"],"_links":{"self":[{"href":"https:\/\/themexicopost.com\/index.php?rest_route=\/wp\/v2\/posts\/25487","targetHints":{"allow":["GET"]}}],"collection":[{"href":"https:\/\/themexicopost.com\/index.php?rest_route=\/wp\/v2\/posts"}],"about":[{"href":"https:\/\/themexicopost.com\/index.php?rest_route=\/wp\/v2\/types\/post"}],"author":[{"embeddable":true,"href":"https:\/\/themexicopost.com\/index.php?rest_route=\/wp\/v2\/users\/1"}],"replies":[{"embeddable":true,"href":"https:\/\/themexicopost.com\/index.php?rest_route=%2Fwp%2Fv2%2Fcomments&post=25487"}],"version-history":[{"count":1,"href":"https:\/\/themexicopost.com\/index.php?rest_route=\/wp\/v2\/posts\/25487\/revisions"}],"predecessor-version":[{"id":25490,"href":"https:\/\/themexicopost.com\/index.php?rest_route=\/wp\/v2\/posts\/25487\/revisions\/25490"}],"wp:featuredmedia":[{"embeddable":true,"href":"https:\/\/themexicopost.com\/index.php?rest_route=\/wp\/v2\/media\/25488"}],"wp:attachment":[{"href":"https:\/\/themexicopost.com\/index.php?rest_route=%2Fwp%2Fv2%2Fmedia&parent=25487"}],"wp:term":[{"taxonomy":"category","embeddable":true,"href":"https:\/\/themexicopost.com\/index.php?rest_route=%2Fwp%2Fv2%2Fcategories&post=25487"},{"taxonomy":"post_tag","embeddable":true,"href":"https:\/\/themexicopost.com\/index.php?rest_route=%2Fwp%2Fv2%2Ftags&post=25487"}],"curies":[{"name":"wp","href":"https:\/\/api.w.org\/{rel}","templated":true}]}}