{"id":25491,"date":"2023-12-15T11:52:16","date_gmt":"2023-12-15T11:52:16","guid":{"rendered":"https:\/\/themexicopost.com\/?p=25491"},"modified":"2023-12-15T11:52:17","modified_gmt":"2023-12-15T11:52:17","slug":"parlamento-brasileno-restituye-un-proyecto-de-limitar-el-derecho-indigena-a-la-tierra","status":"publish","type":"post","link":"https:\/\/themexicopost.com\/?p=25491","title":{"rendered":"Parlamento brasile\u00f1o restituye un proyecto de limitar el derecho ind\u00edgena a la tierra"},"content":{"rendered":"\n<p class=\"has-drop-cap\">El Parlamento brasile\u00f1o derrumb\u00f3 este jueves el veto del Gobierno de Luiz In\u00e1cio Lula da Silva a una ley aprobada en septiembre pasado y que limita el derecho de los pueblos ind\u00edgenas a las tierras que ocuparon hist\u00f3ricamente.<br><\/p>\n\n\n\n<p>El veto se anul\u00f3 por una amplia mayor\u00eda de votos durante una sesi\u00f3n conjunta de las c\u00e1maras de Diputados y del Senado, que con esa decisi\u00f3n instituyen el llamado marco temporal para la creaci\u00f3n, reconocimiento y demarcaci\u00f3n de territorios ind\u00edgenas.<br><\/p>\n\n\n\n<p>Esa tesis, declarada inconstitucional por la Corte Suprema, limita los derechos de los ind\u00edgenas a las tierras a aquellas que efectivamente ocupaban al d\u00eda 5 de octubre de 1988, cuando se promulg\u00f3 la actual Constituci\u00f3n brasile\u00f1a.<br><\/p>\n\n\n\n<p>El proyecto se aprob\u00f3 con urgencia por el pleno del Senado a fines de septiembre, en un debate convocado una semana despu\u00e9s de que el Supremo rechaz\u00f3 esa tesis jur\u00eddica por nueve votos contra dos y consagr\u00f3 el derecho de los ind\u00edgenas a la tierra que han ocupado tradicionalmente.<br><\/p>\n\n\n\n<p>Uno de los argumentos que se evaluaron en el Supremo alega que muchos de los pueblos originarios se expulsaron por medio de la violencia de territorios que ocupaban antes de 1988, por colonos que luego se instalaron y se apropiaron ilegalmente de esas tierras.<br><\/p>\n\n\n\n<p>Lula, quien asumi\u00f3 el pasado 1 de enero con un fuerte compromiso de defensa de los pueblos originarios y cre\u00f3 un nuevo ministerio para garantizar los derechos ind\u00edgenas, vet\u00f3 el proyecto casi en su totalidad y sobre todo lo relativo al llamado marco temporal.<br><\/p>\n\n\n\n<p>El Ministerio de los Pueblos Ind\u00edgenas y diversos organismos que agrupan a los pueblos originarios ya hab\u00edan anticipado que, en caso de que el veto de Lula fuera derrumbado, acudir\u00edan al Supremo a fin de denunciar la inconstitucionalidad del proyecto, ya proclamada de antemano por el propio tribunal.<br><\/p>\n\n\n\n<p>Seg\u00fan datos oficiales, los ind\u00edgenas ocupan cerca del 14 % del territorio nacional, representado por unas 500 \u00e1reas ya delimitadas, a las que se pueden sumar otras 200 que a\u00fan son analizadas por las instituciones del Estado.<br><\/p>\n\n\n\n<p>La demarcaci\u00f3n de tierras ind\u00edgenas, una obligaci\u00f3n del Estado seg\u00fan la Constituci\u00f3n, se suspendi\u00f3 entre 2019 y 2022, durante la gesti\u00f3n del entonces presidente ultraderechista Jair Bolsonaro, y se retom\u00f3 este a\u00f1o por el Gobierno del progresista Lula.<br><\/p>\n\n\n\n<p>Durante todo su mandato, Bolsonaro justific\u00f3 su negativa al reconocimiento de tierras ind\u00edgenas con el argumento de que eso har\u00eda inviable un mayor desarrollo del sector agropecuario, uno de los mayores promotores de la tesis del marco temporal.<\/p>\n","protected":false},"excerpt":{"rendered":"<p>El Parlamento brasile\u00f1o derrumb\u00f3 este jueves el veto del Gobierno de Luiz In\u00e1cio Lula da Silva a una ley aprobada en septiembre pasado y que limita el derecho de los pueblos ind\u00edgenas a las tierras que ocuparon hist\u00f3ricamente. El veto se anul\u00f3 por una amplia mayor\u00eda de votos durante una sesi\u00f3n conjunta de las c\u00e1maras [&hellip;]<\/p>\n","protected":false},"author":1,"featured_media":25492,"comment_status":"closed","ping_status":"closed","sticky":false,"template":"","format":"standard","meta":{"footnotes":""},"categories":[80],"tags":[],"class_list":["post-25491","post","type-post","status-publish","format-standard","has-post-thumbnail","hentry","category-mundo"],"_links":{"self":[{"href":"https:\/\/themexicopost.com\/index.php?rest_route=\/wp\/v2\/posts\/25491","targetHints":{"allow":["GET"]}}],"collection":[{"href":"https:\/\/themexicopost.com\/index.php?rest_route=\/wp\/v2\/posts"}],"about":[{"href":"https:\/\/themexicopost.com\/index.php?rest_route=\/wp\/v2\/types\/post"}],"author":[{"embeddable":true,"href":"https:\/\/themexicopost.com\/index.php?rest_route=\/wp\/v2\/users\/1"}],"replies":[{"embeddable":true,"href":"https:\/\/themexicopost.com\/index.php?rest_route=%2Fwp%2Fv2%2Fcomments&post=25491"}],"version-history":[{"count":1,"href":"https:\/\/themexicopost.com\/index.php?rest_route=\/wp\/v2\/posts\/25491\/revisions"}],"predecessor-version":[{"id":25493,"href":"https:\/\/themexicopost.com\/index.php?rest_route=\/wp\/v2\/posts\/25491\/revisions\/25493"}],"wp:featuredmedia":[{"embeddable":true,"href":"https:\/\/themexicopost.com\/index.php?rest_route=\/wp\/v2\/media\/25492"}],"wp:attachment":[{"href":"https:\/\/themexicopost.com\/index.php?rest_route=%2Fwp%2Fv2%2Fmedia&parent=25491"}],"wp:term":[{"taxonomy":"category","embeddable":true,"href":"https:\/\/themexicopost.com\/index.php?rest_route=%2Fwp%2Fv2%2Fcategories&post=25491"},{"taxonomy":"post_tag","embeddable":true,"href":"https:\/\/themexicopost.com\/index.php?rest_route=%2Fwp%2Fv2%2Ftags&post=25491"}],"curies":[{"name":"wp","href":"https:\/\/api.w.org\/{rel}","templated":true}]}}