{"id":25497,"date":"2023-12-15T11:54:18","date_gmt":"2023-12-15T11:54:18","guid":{"rendered":"https:\/\/themexicopost.com\/?p=25497"},"modified":"2023-12-15T11:54:19","modified_gmt":"2023-12-15T11:54:19","slug":"preocupa-a-expertos-la-gestion-de-la-violencia-de-genero-y-discriminacion-contra-la-mujer-en-italia","status":"publish","type":"post","link":"https:\/\/themexicopost.com\/?p=25497","title":{"rendered":"Preocupa a expertos la gesti\u00f3n de la violencia de g\u00e9nero y discriminaci\u00f3n contra la mujer en Italia"},"content":{"rendered":"\n<p class=\"has-drop-cap\">La violencia y la discriminaci\u00f3n contra las mujeres en Italia son una preocupaci\u00f3n prevaleciente y urgente, dijo el jueves un experto europeo en derechos humanos en un mordaz informe que se publica en medio de una protesta nacional por el espantoso asesinato de una joven presuntamente a manos de su exnovio.<br><\/p>\n\n\n\n<p>Dunja Mijatovic, comisionada de derechos humanos del Consejo de Europa, culp\u00f3 a Italia en m\u00faltiples \u00e1reas, lamentando que los tribunales y la polic\u00eda italianos a veces revictimizan a las v\u00edctimas de la violencia de g\u00e9nero y que las mujeres tienen cada vez menos acceso a los servicios de aborto. Tambi\u00e9n destac\u00f3 el \u00faltimo lugar de Italia en el ranking de la UE en materia de igualdad de g\u00e9nero en el lugar de trabajo.<br><\/p>\n\n\n\n<p>El informe se public\u00f3 tras una visita de Mijatovic a Italia en junio y se centr\u00f3 tambi\u00e9n en el manejo de los inmigrantes y la libertad de prensa en el pa\u00eds. Pero la secci\u00f3n de su informe sobre mujeres llega en medio de un ajuste de cuentas nacional sobre la violencia de g\u00e9nero tras el \u00faltimo caso que ha acaparado los titulares durante un mes.<br><\/p>\n\n\n\n<p>Hasta mediados de noviembre de este a\u00f1o alrededor de 102 mujeres fueron asesinadas en Italia, m\u00e1s de la mitad por parejas \u00edntimas actuales o anteriores, seg\u00fan el Ministerio del Interior.<br><\/p>\n\n\n\n<figure class=\"wp-block-image size-large\"><img fetchpriority=\"high\" decoding=\"async\" width=\"1024\" height=\"683\" src=\"https:\/\/themexicopost.com\/wp-content\/uploads\/2023\/12\/preocupa-a-1024x683.jpg\" alt=\"\" class=\"wp-image-25499\" srcset=\"https:\/\/themexicopost.com\/wp-content\/uploads\/2023\/12\/preocupa-a-1024x683.jpg 1024w, https:\/\/themexicopost.com\/wp-content\/uploads\/2023\/12\/preocupa-a-300x200.jpg 300w, https:\/\/themexicopost.com\/wp-content\/uploads\/2023\/12\/preocupa-a-768x512.jpg 768w, https:\/\/themexicopost.com\/wp-content\/uploads\/2023\/12\/preocupa-a-330x220.jpg 330w, https:\/\/themexicopost.com\/wp-content\/uploads\/2023\/12\/preocupa-a-420x280.jpg 420w, https:\/\/themexicopost.com\/wp-content\/uploads\/2023\/12\/preocupa-a-615x410.jpg 615w, https:\/\/themexicopost.com\/wp-content\/uploads\/2023\/12\/preocupa-a-860x573.jpg 860w, https:\/\/themexicopost.com\/wp-content\/uploads\/2023\/12\/preocupa-a.jpg 1200w\" sizes=\"(max-width: 1024px) 100vw, 1024px\" \/><\/figure>\n\n\n\n<p>Si bien Italia ha logrado algunos avances y ha aprobado una legislaci\u00f3n notable para castigar a los perpetradores de violencia contra las mujeres, los tribunales interpretan los delitos sexuales de manera diferente y existen disparidades regionales desiguales en el acceso y la financiaci\u00f3n de los refugios y otros servicios para las v\u00edctimas de la violencia dom\u00e9stica, seg\u00fan el informe.<br><\/p>\n\n\n\n<p>&#8220;Existe una necesidad urgente de combatir el sexismo y los prejuicios contra las mujeres entre las autoridades encargadas de hacer cumplir la ley, la fiscal\u00eda y las autoridades judiciales, que contribuyen a las bajas tasas de enjuiciamiento y condena en casos de violencia contra las mujeres y a la impunidad de los perpetradores&#8221;, dice el informe.<br><\/p>\n\n\n\n<p>Pidi\u00f3 una mejor capacitaci\u00f3n del personal para mejorar el tratamiento de las v\u00edctimas y evitar que sean revictimizadas.<br><\/p>\n\n\n\n<p>En su respuesta oficial, el gobierno italiano dijo que el informe estaba incompleto y en algunos casos incorrecto, y enfatiz\u00f3 que se est\u00e1n llevando a cabo nuevas iniciativas de prevenci\u00f3n y financiaci\u00f3n. Tambi\u00e9n tom\u00f3 nota de las disposiciones de su plan estrat\u00e9gico quinquenal para abordar la igualdad de g\u00e9nero.<br><\/p>\n\n\n\n<p>Italia ocupa el puesto 13 en el \u00cdndice de Igualdad de G\u00e9nero de la Uni\u00f3n Europea, por debajo del promedio de la UE y el peor puntaje para cualquier econom\u00eda europea importante.<\/p>\n","protected":false},"excerpt":{"rendered":"<p>La violencia y la discriminaci\u00f3n contra las mujeres en Italia son una preocupaci\u00f3n prevaleciente y urgente, dijo el jueves un experto europeo en derechos humanos en un mordaz informe que se publica en medio de una protesta nacional por el espantoso asesinato de una joven presuntamente a manos de su exnovio. Dunja Mijatovic, comisionada de [&hellip;]<\/p>\n","protected":false},"author":1,"featured_media":25498,"comment_status":"closed","ping_status":"closed","sticky":false,"template":"","format":"standard","meta":{"footnotes":""},"categories":[80],"tags":[],"class_list":["post-25497","post","type-post","status-publish","format-standard","has-post-thumbnail","hentry","category-mundo"],"_links":{"self":[{"href":"https:\/\/themexicopost.com\/index.php?rest_route=\/wp\/v2\/posts\/25497","targetHints":{"allow":["GET"]}}],"collection":[{"href":"https:\/\/themexicopost.com\/index.php?rest_route=\/wp\/v2\/posts"}],"about":[{"href":"https:\/\/themexicopost.com\/index.php?rest_route=\/wp\/v2\/types\/post"}],"author":[{"embeddable":true,"href":"https:\/\/themexicopost.com\/index.php?rest_route=\/wp\/v2\/users\/1"}],"replies":[{"embeddable":true,"href":"https:\/\/themexicopost.com\/index.php?rest_route=%2Fwp%2Fv2%2Fcomments&post=25497"}],"version-history":[{"count":1,"href":"https:\/\/themexicopost.com\/index.php?rest_route=\/wp\/v2\/posts\/25497\/revisions"}],"predecessor-version":[{"id":25500,"href":"https:\/\/themexicopost.com\/index.php?rest_route=\/wp\/v2\/posts\/25497\/revisions\/25500"}],"wp:featuredmedia":[{"embeddable":true,"href":"https:\/\/themexicopost.com\/index.php?rest_route=\/wp\/v2\/media\/25498"}],"wp:attachment":[{"href":"https:\/\/themexicopost.com\/index.php?rest_route=%2Fwp%2Fv2%2Fmedia&parent=25497"}],"wp:term":[{"taxonomy":"category","embeddable":true,"href":"https:\/\/themexicopost.com\/index.php?rest_route=%2Fwp%2Fv2%2Fcategories&post=25497"},{"taxonomy":"post_tag","embeddable":true,"href":"https:\/\/themexicopost.com\/index.php?rest_route=%2Fwp%2Fv2%2Ftags&post=25497"}],"curies":[{"name":"wp","href":"https:\/\/api.w.org\/{rel}","templated":true}]}}