{"id":25504,"date":"2023-12-15T11:56:34","date_gmt":"2023-12-15T11:56:34","guid":{"rendered":"https:\/\/themexicopost.com\/?p=25504"},"modified":"2023-12-15T11:56:36","modified_gmt":"2023-12-15T11:56:36","slug":"cierra-el-ano-con-45-periodistas-asesinados-en-el-mundo","status":"publish","type":"post","link":"https:\/\/themexicopost.com\/?p=25504","title":{"rendered":"Cierra el a\u00f1o con 45 periodistas asesinados en el mundo"},"content":{"rendered":"\n<p class=\"has-drop-cap\">El a\u00f1o 2023 se cierra con 45 periodistas asesinados en todo el mundo, de los cuales 13 perdieron la vida en la Franja de Gaza, seg\u00fan el balance anual realizado por la organizaci\u00f3n sin \u00e1nimo de lucro Reporteros Sin Fronteras (RSF).<br><\/p>\n\n\n\n<p>Los datos muestran una mejora respecto al a\u00f1o anterior en cuanto al n\u00famero de profesionales que fallecieron en el ejercicio de su profesi\u00f3n, que ha bajado en 16 respecto al a\u00f1o 2022 y es el c\u00f3mputo m\u00e1s bajo desde 2002.<br><\/p>\n\n\n\n<p>Adem\u00e1s, hay 521 periodistas encarcelados (doce menos que el a\u00f1o pasado); 54 rehenes y 84 desaparecidos.<br><\/p>\n\n\n\n<p>En este \u00faltimo apartado ha habido un repunte importante, ya que el n\u00famero de desaparecidos ha aumentado en 35 respecto a 2022.<br><\/p>\n\n\n\n<p>RSF relaciona el descenso en la cifra de reporteros muertos con las medidas de seguridad en las redacciones, la formaci\u00f3n y dotaci\u00f3n de equipos de protecci\u00f3n y las acciones tanto intergubernamentales como de las ONGs.<br><\/p>\n\n\n\n<p>No obstante, el secretario general de RSF, Christophe Deloire, observa con preocupaci\u00f3n la situaci\u00f3n del sector en Gaza, donde \u201clos periodistas est\u00e1n pagando un alto precio entre la poblaci\u00f3n civil\u201d.<br><\/p>\n\n\n\n<p>Por ello, la organizaci\u00f3n ha presentado una denuncia ante la Corte Penal Internacional (CPI) para \u201cpara establecer lo que realmente ocurri\u00f3 y c\u00f3mo los periodistas fueron atacados\u201d.<br><\/p>\n\n\n\n<p>En total, 23 periodistas, 3 m\u00e1s que en 2022, fueron asesinados en zonas de guerra mientras ejerc\u00edan su profesi\u00f3n, lo que supone el 51,1 % de los fallecidos.<br><\/p>\n\n\n\n<p>El balance de RSF se\u00f1ala que la guerra entre Israel y Ham\u00e1s se ha saldado en dos meses con la muerte de 17 periodistas, 13 de ellos en la franja de Gaza, 3 en el L\u00edbano y 1 en Israel.<br><\/p>\n\n\n\n<p>Otros fallecieron cubriendo los conflictos armados en el norte de Camer\u00fan, el norte de Mali, Sud\u00e1n, Siria y Ucrania.<br><\/p>\n\n\n\n<p>Por otra parte, m\u00e1s de la mitad de los periodistas encarcelados est\u00e1n pendientes de juicio y se concentran en cuatro pa\u00edses: China (121), Birmania (68), Bielorrusia (39) y Vietnam (36).<\/p>\n","protected":false},"excerpt":{"rendered":"<p>El a\u00f1o 2023 se cierra con 45 periodistas asesinados en todo el mundo, de los cuales 13 perdieron la vida en la Franja de Gaza, seg\u00fan el balance anual realizado por la organizaci\u00f3n sin \u00e1nimo de lucro Reporteros Sin Fronteras (RSF). Los datos muestran una mejora respecto al a\u00f1o anterior en cuanto al n\u00famero de [&hellip;]<\/p>\n","protected":false},"author":1,"featured_media":25505,"comment_status":"closed","ping_status":"closed","sticky":false,"template":"","format":"standard","meta":{"footnotes":""},"categories":[80],"tags":[],"class_list":["post-25504","post","type-post","status-publish","format-standard","has-post-thumbnail","hentry","category-mundo"],"_links":{"self":[{"href":"https:\/\/themexicopost.com\/index.php?rest_route=\/wp\/v2\/posts\/25504","targetHints":{"allow":["GET"]}}],"collection":[{"href":"https:\/\/themexicopost.com\/index.php?rest_route=\/wp\/v2\/posts"}],"about":[{"href":"https:\/\/themexicopost.com\/index.php?rest_route=\/wp\/v2\/types\/post"}],"author":[{"embeddable":true,"href":"https:\/\/themexicopost.com\/index.php?rest_route=\/wp\/v2\/users\/1"}],"replies":[{"embeddable":true,"href":"https:\/\/themexicopost.com\/index.php?rest_route=%2Fwp%2Fv2%2Fcomments&post=25504"}],"version-history":[{"count":1,"href":"https:\/\/themexicopost.com\/index.php?rest_route=\/wp\/v2\/posts\/25504\/revisions"}],"predecessor-version":[{"id":25506,"href":"https:\/\/themexicopost.com\/index.php?rest_route=\/wp\/v2\/posts\/25504\/revisions\/25506"}],"wp:featuredmedia":[{"embeddable":true,"href":"https:\/\/themexicopost.com\/index.php?rest_route=\/wp\/v2\/media\/25505"}],"wp:attachment":[{"href":"https:\/\/themexicopost.com\/index.php?rest_route=%2Fwp%2Fv2%2Fmedia&parent=25504"}],"wp:term":[{"taxonomy":"category","embeddable":true,"href":"https:\/\/themexicopost.com\/index.php?rest_route=%2Fwp%2Fv2%2Fcategories&post=25504"},{"taxonomy":"post_tag","embeddable":true,"href":"https:\/\/themexicopost.com\/index.php?rest_route=%2Fwp%2Fv2%2Ftags&post=25504"}],"curies":[{"name":"wp","href":"https:\/\/api.w.org\/{rel}","templated":true}]}}