{"id":25515,"date":"2023-12-15T12:01:27","date_gmt":"2023-12-15T12:01:27","guid":{"rendered":"https:\/\/themexicopost.com\/?p=25515"},"modified":"2023-12-15T12:01:28","modified_gmt":"2023-12-15T12:01:28","slug":"rechaza-putin-llegar-a-una-pronta-paz-con-ucrania","status":"publish","type":"post","link":"https:\/\/themexicopost.com\/?p=25515","title":{"rendered":"Rechaza Putin llegar a una pronta paz con Ucrania"},"content":{"rendered":"\n<figure class=\"wp-block-pullquote\"><blockquote><p>Durante su primera rueda de prensa de la guerra afirm\u00f3 que las tropas rusas mejoran sus posiciones en el frente.<\/p><\/blockquote><\/figure>\n\n\n\n<p class=\"has-drop-cap\">El presidente ruso, Vlad\u00edmir Putin, asegur\u00f3 este viernes que Ucrania no logr\u00f3 nada durante su gran contraofensiva, iniciada el verano pasado, y que las tropas rusas \u201cmejoran sus posiciones\u201d en el frente.<br><\/p>\n\n\n\n<p>\u201cEl enemigo anunci\u00f3 una gran contraofensiva. No logr\u00f3 nada en ninguna parte\u201d, indic\u00f3 en su rueda de prensa de fin de a\u00f1o.<br><\/p>\n\n\n\n<p>La \u00faltima operaci\u00f3n ucraniana en el marco de la contraofensiva fue el intento de desembarco en la orilla izquierda del Dni\u00e9per, se\u00f1al\u00f3 Putin.<br><\/p>\n\n\n\n<p>\u201cNi siquiera s\u00e9 para qu\u00e9 lo hacen. Env\u00edan a su gente al exterminio. Los propios militares ucranianos reconocen que es un camino con una sola direcci\u00f3n\u201d, indic\u00f3.<br><\/p>\n\n\n\n<p>Los soldados ucranianos que lograron cruzar el r\u00edo est\u00e1n ahora cercados, asegur\u00f3 y calific\u00f3 de irresponsable la decisi\u00f3n de las autoridades ucranianas de enviarlos all\u00ed.<br><\/p>\n\n\n\n<p>El jefe del Kremlin revel\u00f3 que actualmente la agrupaci\u00f3n de las tropas rusas en Ucrania la componen 617.000 militares, que han logrado mejorar sus posiciones \u201cen casi toda la l\u00ednea del frente\u201d, que ahora es de \u201cm\u00e1s de 2.000 kil\u00f3metros\u201d.<br><\/p>\n\n\n\n<p>Seg\u00fan el n\u00famero uno del Kremlin, lo que sucede en Ucrania es una enorme tragedia, parecida a una guerra civil y ha acusado a Occidente de provocarla por su acercamiento a las fronteras rusas.<br><\/p>\n\n\n\n<figure class=\"wp-block-image size-large\"><img fetchpriority=\"high\" decoding=\"async\" width=\"1024\" height=\"683\" src=\"https:\/\/themexicopost.com\/wp-content\/uploads\/2023\/12\/rechaza-putin-1024x683.jpg\" alt=\"\" class=\"wp-image-25517\" srcset=\"https:\/\/themexicopost.com\/wp-content\/uploads\/2023\/12\/rechaza-putin-1024x683.jpg 1024w, https:\/\/themexicopost.com\/wp-content\/uploads\/2023\/12\/rechaza-putin-300x200.jpg 300w, https:\/\/themexicopost.com\/wp-content\/uploads\/2023\/12\/rechaza-putin-768x512.jpg 768w, https:\/\/themexicopost.com\/wp-content\/uploads\/2023\/12\/rechaza-putin-330x220.jpg 330w, https:\/\/themexicopost.com\/wp-content\/uploads\/2023\/12\/rechaza-putin-420x280.jpg 420w, https:\/\/themexicopost.com\/wp-content\/uploads\/2023\/12\/rechaza-putin-615x410.jpg 615w, https:\/\/themexicopost.com\/wp-content\/uploads\/2023\/12\/rechaza-putin-860x573.jpg 860w, https:\/\/themexicopost.com\/wp-content\/uploads\/2023\/12\/rechaza-putin.jpg 1200w\" sizes=\"(max-width: 1024px) 100vw, 1024px\" \/><\/figure>\n\n\n\n<p>\u201cEl deseo incontrolable de avanzar sigilosamente hacia nuestras fronteras, atrapando a Ucrania en la OTAN, llev\u00f3 a esta tragedia\u201d, insisti\u00f3.<br><\/p>\n\n\n\n<p>Para Putin, la actual situaci\u00f3n en la Franja de Gaza tambi\u00e9n es una cat\u00e1strofe pero ha negado que el nivel de destrucci\u00f3n all\u00ed tenga alguna similitud con lo que ocurre en Ucrania.<br><\/p>\n\n\n\n<p>Respecto a las relaciones con Occidente, el mandatario ruso ha asegurado que Rusia restablecer\u00e1 sus relaciones con Estados Unidos y la Uni\u00f3n Europea (UE) cuando \u201caprendan a respetar a otros pa\u00edses\u201d y cuando opten por la b\u00fasqueda de compromisos en vez de las sanciones.<br><\/p>\n\n\n\n<p>Putin record\u00f3 que durante d\u00e9cadas, Rusia se esforz\u00f3 por establecer relaciones normales con Ucrania, pero fue precisamente Occidente quien impuls\u00f3 a Kiev al golpe de Estado de 2014.<br><\/p>\n\n\n\n<p>Acus\u00f3 a EE.UU. de haber gastado m\u00e1s de 5.000 millones de d\u00f3lares en desestabilizar a Ucrania y a la UE de hacer vista gorda ante esta situaci\u00f3n y hacerle el coro a Washington.<br><\/p>\n\n\n\n<p>Este a\u00f1o el Kremlin decidi\u00f3 combinar la conferencia de prensa con su sesi\u00f3n de preguntas y respuestas con la ciudadan\u00eda, que sol\u00edan celebrarse en la primera y la segunda mitad de cada a\u00f1o, respectivamente.<br><\/p>\n\n\n\n<p>Se trata de la primera gran rueda de prensa de Putin desde el inicio de la guerra, que este a\u00f1o el Kremlin combin\u00f3 con la l\u00ednea directa del presidente en la que Putin responde a las preguntas de sus conciudadanos.<\/p>\n","protected":false},"excerpt":{"rendered":"<p>Durante su primera rueda de prensa de la guerra afirm\u00f3 que las tropas rusas mejoran sus posiciones en el frente. El presidente ruso, Vlad\u00edmir Putin, asegur\u00f3 este viernes que Ucrania no logr\u00f3 nada durante su gran contraofensiva, iniciada el verano pasado, y que las tropas rusas \u201cmejoran sus posiciones\u201d en el frente. \u201cEl enemigo anunci\u00f3 [&hellip;]<\/p>\n","protected":false},"author":1,"featured_media":25516,"comment_status":"closed","ping_status":"closed","sticky":false,"template":"","format":"standard","meta":{"footnotes":""},"categories":[83,80],"tags":[],"class_list":["post-25515","post","type-post","status-publish","format-standard","has-post-thumbnail","hentry","category-destacado","category-mundo"],"_links":{"self":[{"href":"https:\/\/themexicopost.com\/index.php?rest_route=\/wp\/v2\/posts\/25515","targetHints":{"allow":["GET"]}}],"collection":[{"href":"https:\/\/themexicopost.com\/index.php?rest_route=\/wp\/v2\/posts"}],"about":[{"href":"https:\/\/themexicopost.com\/index.php?rest_route=\/wp\/v2\/types\/post"}],"author":[{"embeddable":true,"href":"https:\/\/themexicopost.com\/index.php?rest_route=\/wp\/v2\/users\/1"}],"replies":[{"embeddable":true,"href":"https:\/\/themexicopost.com\/index.php?rest_route=%2Fwp%2Fv2%2Fcomments&post=25515"}],"version-history":[{"count":1,"href":"https:\/\/themexicopost.com\/index.php?rest_route=\/wp\/v2\/posts\/25515\/revisions"}],"predecessor-version":[{"id":25518,"href":"https:\/\/themexicopost.com\/index.php?rest_route=\/wp\/v2\/posts\/25515\/revisions\/25518"}],"wp:featuredmedia":[{"embeddable":true,"href":"https:\/\/themexicopost.com\/index.php?rest_route=\/wp\/v2\/media\/25516"}],"wp:attachment":[{"href":"https:\/\/themexicopost.com\/index.php?rest_route=%2Fwp%2Fv2%2Fmedia&parent=25515"}],"wp:term":[{"taxonomy":"category","embeddable":true,"href":"https:\/\/themexicopost.com\/index.php?rest_route=%2Fwp%2Fv2%2Fcategories&post=25515"},{"taxonomy":"post_tag","embeddable":true,"href":"https:\/\/themexicopost.com\/index.php?rest_route=%2Fwp%2Fv2%2Ftags&post=25515"}],"curies":[{"name":"wp","href":"https:\/\/api.w.org\/{rel}","templated":true}]}}