{"id":25519,"date":"2023-12-15T12:03:01","date_gmt":"2023-12-15T12:03:01","guid":{"rendered":"https:\/\/themexicopost.com\/?p=25519"},"modified":"2023-12-15T12:03:03","modified_gmt":"2023-12-15T12:03:03","slug":"pide-el-papa-francisco-crear-tratado-para-regular-a-la-ia","status":"publish","type":"post","link":"https:\/\/themexicopost.com\/?p=25519","title":{"rendered":"Pide el Papa Francisco crear tratado para regular a la IA"},"content":{"rendered":"\n<figure class=\"wp-block-pullquote\"><blockquote><p>Advierte del gran riesgo de crearse una dictadura tecnol\u00f3gica.<\/p><\/blockquote><\/figure>\n\n\n\n<p class=\"has-drop-cap\">El papa Francisco pidi\u00f3 un tratado internacional para regular el uso de la inteligencia artificial (IA), advirtiendo del riesgo de que esta nueva tecnolog\u00eda provoque una &#8220;dictadura tecnol\u00f3gica&#8221; que amenace la paz y la democracia.<br><\/p>\n\n\n\n<p>El pont\u00edfice, de 86 a\u00f1os, quiere que los l\u00edderes mundiales acuerden un tratado internacional vinculante sobre la IA desarrollado dentro de un marco \u00e9tico. Francisco hizo el llamado en su mensaje anual para el D\u00eda Mundial de la Paz que celebra la Iglesia cat\u00f3lica cada 1 de enero.<br><\/p>\n\n\n\n<p>&#8220;La capacidad humana \u00fanica para el juicio moral y la toma de decisiones \u00e9ticas es m\u00e1s que una compleja colecci\u00f3n de algoritmos, y esa capacidad no puede reducirse a programar una m\u00e1quina, que por muy inteligente que sea sigue siendo una m\u00e1quina&#8221;, escribi\u00f3 Francisco.<br><\/p>\n\n\n\n<p>&#8220;Hay que plantearse una serie de preguntas urgentes. \u00bfCu\u00e1les ser\u00e1n las consecuencias, a mediano y largo plazo, de estas nuevas tecnolog\u00edas digitales? \u00bfY qu\u00e9 impacto tendr\u00e1n en las vidas individuales y en las sociedades, en la estabilidad internacional y en la paz?&#8221;.<br><\/p>\n\n\n\n<p>El papa lanz\u00f3 una en\u00e9rgica advertencia contra los sistemas de armamento controlados por inteligencia artificial, que calific\u00f3 de causa de grave preocupaci\u00f3n \u00e9tica, al tiempo que alert\u00f3 sobre el mal uso de la tecnolog\u00eda, que incluye la interferencia en las elecciones, el auge de una sociedad vigilada y el aumento de las desigualdades.<br><\/p>\n\n\n\n<p>&#8220;Todos estos factores corren el riesgo de alimentar los conflictos y obstaculizar la paz&#8221;, afirm\u00f3 el papa.<br><\/p>\n\n\n\n<p>A pesar de su mensaje cauteloso, Francisco elogi\u00f3 los &#8220;impresionantes logros de la ciencia y la tecnolog\u00eda&#8221;, insistiendo en que la IA tambi\u00e9n ofrece &#8220;oportunidades apasionantes&#8221;.<br><\/p>\n\n\n\n<p>En una rueda de prensa celebrada este jueves en el Vaticano para dar a conocer su mensaje, el cardenal Michael Czerny, uno de los colaboradores del papa, insisti\u00f3 en que Francisco no es ning\u00fan ludita, pero que la IA es una de las apuestas m\u00e1s importantes para el futuro de la humanidad.<br><\/p>\n\n\n\n<p>El llamado del papa a regular la IA se produce pocos d\u00edas despu\u00e9s de que funcionarios de la Uni\u00f3n Europea llegaran a un acuerdo provisional sobre una nueva ley de inteligencia artificial, mientras que un grupo bipartidista de legisladores en Estados Unidos est\u00e1 evaluando un marco de regulaci\u00f3n sobre esta tecnolog\u00eda.<br><\/p>\n\n\n\n<p>El propio Francisco ha sido v\u00edctima de im\u00e1genes falsas de la IA: a principios de este a\u00f1o, se hizo viral una imagen del papa vestido con una chaqueta blanca.<\/p>\n","protected":false},"excerpt":{"rendered":"<p>Advierte del gran riesgo de crearse una dictadura tecnol\u00f3gica. El papa Francisco pidi\u00f3 un tratado internacional para regular el uso de la inteligencia artificial (IA), advirtiendo del riesgo de que esta nueva tecnolog\u00eda provoque una &#8220;dictadura tecnol\u00f3gica&#8221; que amenace la paz y la democracia. El pont\u00edfice, de 86 a\u00f1os, quiere que los l\u00edderes mundiales acuerden [&hellip;]<\/p>\n","protected":false},"author":1,"featured_media":25520,"comment_status":"closed","ping_status":"closed","sticky":false,"template":"","format":"standard","meta":{"footnotes":""},"categories":[80],"tags":[],"class_list":["post-25519","post","type-post","status-publish","format-standard","has-post-thumbnail","hentry","category-mundo"],"_links":{"self":[{"href":"https:\/\/themexicopost.com\/index.php?rest_route=\/wp\/v2\/posts\/25519","targetHints":{"allow":["GET"]}}],"collection":[{"href":"https:\/\/themexicopost.com\/index.php?rest_route=\/wp\/v2\/posts"}],"about":[{"href":"https:\/\/themexicopost.com\/index.php?rest_route=\/wp\/v2\/types\/post"}],"author":[{"embeddable":true,"href":"https:\/\/themexicopost.com\/index.php?rest_route=\/wp\/v2\/users\/1"}],"replies":[{"embeddable":true,"href":"https:\/\/themexicopost.com\/index.php?rest_route=%2Fwp%2Fv2%2Fcomments&post=25519"}],"version-history":[{"count":1,"href":"https:\/\/themexicopost.com\/index.php?rest_route=\/wp\/v2\/posts\/25519\/revisions"}],"predecessor-version":[{"id":25521,"href":"https:\/\/themexicopost.com\/index.php?rest_route=\/wp\/v2\/posts\/25519\/revisions\/25521"}],"wp:featuredmedia":[{"embeddable":true,"href":"https:\/\/themexicopost.com\/index.php?rest_route=\/wp\/v2\/media\/25520"}],"wp:attachment":[{"href":"https:\/\/themexicopost.com\/index.php?rest_route=%2Fwp%2Fv2%2Fmedia&parent=25519"}],"wp:term":[{"taxonomy":"category","embeddable":true,"href":"https:\/\/themexicopost.com\/index.php?rest_route=%2Fwp%2Fv2%2Fcategories&post=25519"},{"taxonomy":"post_tag","embeddable":true,"href":"https:\/\/themexicopost.com\/index.php?rest_route=%2Fwp%2Fv2%2Ftags&post=25519"}],"curies":[{"name":"wp","href":"https:\/\/api.w.org\/{rel}","templated":true}]}}