{"id":25528,"date":"2023-12-15T12:07:54","date_gmt":"2023-12-15T12:07:54","guid":{"rendered":"https:\/\/themexicopost.com\/?p=25528"},"modified":"2023-12-15T12:07:55","modified_gmt":"2023-12-15T12:07:55","slug":"amazon-gana-caso-interpuesto-por-la-union-europea-en-su-contra","status":"publish","type":"post","link":"https:\/\/themexicopost.com\/?p=25528","title":{"rendered":"Amazon gana caso interpuesto por la Uni\u00f3n Europea en su contra"},"content":{"rendered":"\n<figure class=\"wp-block-pullquote\"><blockquote><p>De esta manera no tendr\u00e1 que pagar cientos de millones en impuestos atrasados.<\/p><\/blockquote><\/figure>\n\n\n\n<p class=\"has-drop-cap\">Amazon no tendr\u00e1 que pagar alrededor de 250 millones de euros (273 millones de d\u00f3lares) en impuestos atrasados despu\u00e9s de que jueces de la Uni\u00f3n Europea fallaran el jueves a favor del gigante estadounidense del comercio electr\u00f3nico, suponiendo una derrota para el bloque de 27 naciones en sus esfuerzos por abordar el impuesto corporativo,<br><\/p>\n\n\n\n<p>El fallo del m\u00e1ximo tribunal de la UE es definitivo, pone fin a la larga batalla legal sobre los acuerdos fiscales entre Amazon y el gobierno de Luxemburgo y marca un nuevo rev\u00e9s para la represi\u00f3n de la jefa antimonopolio, Margrethe Vestager.<br><\/p>\n\n\n\n<p>El Tribunal de Justicia respald\u00f3 una decisi\u00f3n de 2021 de jueces de un tribunal inferior que se puso del lado de Amazon, diciendo que la Comisi\u00f3n Europea, el poder ejecutivo de la UE, no hab\u00eda probado su caso de que Amazon recibi\u00f3 apoyo estatal ilegal.<br><\/p>\n\n\n\n<p>&#8220;El Tribunal de Justicia confirma que la Comisi\u00f3n no ha demostrado que la resoluci\u00f3n fiscal dictada a Amazon por Luxemburgo fuera una ayuda estatal incompatible con el mercado interior&#8221; de la UE, afirm\u00f3 el tribunal en un comunicado de prensa.<br><\/p>\n\n\n\n<p>Amazon acogi\u00f3 con satisfacci\u00f3n el fallo y dijo que confirma que la empresa \u201csigui\u00f3 todas las leyes aplicables y no recibi\u00f3 ning\u00fan trato especial\u201d.<br><\/p>\n\n\n\n<p>&#8220;Esperamos seguir centr\u00e1ndonos en cumplir con nuestros clientes en toda Europa&#8221;, dijo la compa\u00f1\u00eda en un comunicado.<br><\/p>\n\n\n\n<p>La comisi\u00f3n dijo que estudiar\u00e1 cuidadosamente la sentencia y evaluar\u00e1 sus implicaciones.<br><\/p>\n\n\n\n<p>El caso se remonta a 2017, cuando Vestager acus\u00f3 a Amazon de beneficiarse injustamente de condiciones especiales de impuestos bajos desde 2003 en el peque\u00f1o Luxemburgo, donde tiene su sede europea. Como resultado, casi tres cuartas partes de las ganancias de Amazon en la UE no estaban sujetas a impuestos, afirm\u00f3.<br><\/p>\n\n\n\n<p>La UE ha apuntado a acuerdos entre pa\u00edses individuales y empresas utilizados para atraer a multinacionales extranjeras en busca de un lugar para establecer sus sedes en la UE. La pr\u00e1ctica llev\u00f3 a que los estados de la UE compitieran entre s\u00ed y que las multinacionales se enfrentaran entre s\u00ed.<\/p>\n","protected":false},"excerpt":{"rendered":"<p>De esta manera no tendr\u00e1 que pagar cientos de millones en impuestos atrasados. Amazon no tendr\u00e1 que pagar alrededor de 250 millones de euros (273 millones de d\u00f3lares) en impuestos atrasados despu\u00e9s de que jueces de la Uni\u00f3n Europea fallaran el jueves a favor del gigante estadounidense del comercio electr\u00f3nico, suponiendo una derrota para el [&hellip;]<\/p>\n","protected":false},"author":1,"featured_media":25529,"comment_status":"closed","ping_status":"closed","sticky":false,"template":"","format":"standard","meta":{"footnotes":""},"categories":[83,80],"tags":[],"class_list":["post-25528","post","type-post","status-publish","format-standard","has-post-thumbnail","hentry","category-destacado","category-mundo"],"_links":{"self":[{"href":"https:\/\/themexicopost.com\/index.php?rest_route=\/wp\/v2\/posts\/25528","targetHints":{"allow":["GET"]}}],"collection":[{"href":"https:\/\/themexicopost.com\/index.php?rest_route=\/wp\/v2\/posts"}],"about":[{"href":"https:\/\/themexicopost.com\/index.php?rest_route=\/wp\/v2\/types\/post"}],"author":[{"embeddable":true,"href":"https:\/\/themexicopost.com\/index.php?rest_route=\/wp\/v2\/users\/1"}],"replies":[{"embeddable":true,"href":"https:\/\/themexicopost.com\/index.php?rest_route=%2Fwp%2Fv2%2Fcomments&post=25528"}],"version-history":[{"count":1,"href":"https:\/\/themexicopost.com\/index.php?rest_route=\/wp\/v2\/posts\/25528\/revisions"}],"predecessor-version":[{"id":25530,"href":"https:\/\/themexicopost.com\/index.php?rest_route=\/wp\/v2\/posts\/25528\/revisions\/25530"}],"wp:featuredmedia":[{"embeddable":true,"href":"https:\/\/themexicopost.com\/index.php?rest_route=\/wp\/v2\/media\/25529"}],"wp:attachment":[{"href":"https:\/\/themexicopost.com\/index.php?rest_route=%2Fwp%2Fv2%2Fmedia&parent=25528"}],"wp:term":[{"taxonomy":"category","embeddable":true,"href":"https:\/\/themexicopost.com\/index.php?rest_route=%2Fwp%2Fv2%2Fcategories&post=25528"},{"taxonomy":"post_tag","embeddable":true,"href":"https:\/\/themexicopost.com\/index.php?rest_route=%2Fwp%2Fv2%2Ftags&post=25528"}],"curies":[{"name":"wp","href":"https:\/\/api.w.org\/{rel}","templated":true}]}}