{"id":25531,"date":"2023-12-15T12:09:24","date_gmt":"2023-12-15T12:09:24","guid":{"rendered":"https:\/\/themexicopost.com\/?p=25531"},"modified":"2023-12-15T12:09:25","modified_gmt":"2023-12-15T12:09:25","slug":"la-crisis-que-se-avecina","status":"publish","type":"post","link":"https:\/\/themexicopost.com\/?p=25531","title":{"rendered":"LA CRISIS QUE SE AVECINA"},"content":{"rendered":"\n<figure class=\"wp-block-pullquote\"><blockquote><p><strong>Por Helga Kauffman<\/strong><\/p><\/blockquote><\/figure>\n\n\n\n<p class=\"has-drop-cap\">Lo que ha pasado en el Tribunal Electoral del Poder Judicial de la Federaci\u00f3n (TEPJF), es apenas un esbozo de lo que se avecina para la democracia en M\u00e9xico.<br><\/p>\n\n\n\n<p>Es obvio y quiz\u00e1 balad\u00ed se\u00f1alar que, lejos de fortalecer la confianza de los actores pol\u00edticos y de la sociedad,\u00a0la asonada en el TEPJF\u00a0provoc\u00f3 un escenario de incertidumbre mayor ante la cercan\u00eda del proceso electoral de junio de 2024.<br><\/p>\n\n\n\n<p>No debe perderse de vista que la confrontaci\u00f3n entre los magistrados viene de tiempo atr\u00e1s.<br><\/p>\n\n\n\n<p>Hagamos un poco de memoria: hemos visto la ca\u00edda de los magistrados presidentes Janine Ot\u00e1lora, Jos\u00e9 Luis Vargas y ahora la de Reyes Rodr\u00edguez Mondrag\u00f3n, quien deb\u00eda presidir el Tribunal hasta octubre del pr\u00f3ximo a\u00f1o, una vez calificada la pr\u00f3xima elecci\u00f3n.<br><\/p>\n\n\n\n<p>Ahora bien, la sala superior del TEPJF se debe conformar de siete magistrados, actualmente solo son cinco: Reyes Rodr\u00edguez Mondrag\u00f3n, Magistrado Presidente hasta el 31 de diciembre; Janine Ot\u00e1lora, quien mostr\u00f3 su respaldo al magistrado presidente, M\u00f3nica Soto, que ocupar\u00e1 la Presidencia del Tribunal; Felipe Fuentes y Felipe de la Mata.<br><\/p>\n\n\n\n<p>Hay dos vacantes que desde octubre de este a\u00f1o dejaron Jos\u00e9 Luis Vargas e Indalfer Infante.<br><\/p>\n\n\n\n<p>Sin embargo, el Senado est\u00e1 en falta, la Corte les envi\u00f3 las dos ternas, una de hombres y otra de mujeres y no se ve la menor intenci\u00f3n de resolverlo.<br><\/p>\n\n\n\n<p>El Tribunal electoral a diferencia del Inai, puede sesionar con cuatro magistrados en las elecciones 2024, pero para calificar la elecci\u00f3n presidencial y hacer la declaratoria de Presidente, requiere de un m\u00ednimo de seis integrantes.<br><\/p>\n\n\n\n<p>Las alertas est\u00e1n encendidas.<br><\/p>\n\n\n\n<p>Por una parte, la confrontaci\u00f3n de los magistrados y por otra, la urgencia para que el Senado de la Rep\u00fablica haga los dos nombramientos para completar el pleno del tribunal electoral.<br><\/p>\n\n\n\n<p>En un escenario responsable con la democracia, el TEPJF debe contar con sus siete integrantes, como marca la Ley.<br><\/p>\n\n\n\n<p>Sin embargo, es m\u00e1s que obvio que los que detentan el poder buscar\u00e1n acomodar sus fichas, de tal forma que les garantice control total.<br><\/p>\n\n\n\n<p>Ya lo hicieron con la charada de la nueva ministra de la Suprema Corte de Justicia de la Naci\u00f3n, donde maniobraron para, a como d\u00e9 lugar, tener a una m\u00e1s que incondicional.<br><\/p>\n\n\n\n<p>El premio fue para Lenia Batres Guadarrama, personaje a la cual se ubica al lado del morenismo m\u00e1s retr\u00f3grado y a quien se equipara con su hermano, el actual jefe de Gobierno de la CDMX, Mart\u00ed.<br><\/p>\n\n\n\n<p>Es decir, los porros llegaron al control.<\/p>\n","protected":false},"excerpt":{"rendered":"<p>Por Helga Kauffman Lo que ha pasado en el Tribunal Electoral del Poder Judicial de la Federaci\u00f3n (TEPJF), es apenas un esbozo de lo que se avecina para la democracia en M\u00e9xico. Es obvio y quiz\u00e1 balad\u00ed se\u00f1alar que, lejos de fortalecer la confianza de los actores pol\u00edticos y de la sociedad,\u00a0la asonada en el [&hellip;]<\/p>\n","protected":false},"author":1,"featured_media":25532,"comment_status":"closed","ping_status":"closed","sticky":false,"template":"","format":"standard","meta":{"footnotes":""},"categories":[84],"tags":[],"class_list":["post-25531","post","type-post","status-publish","format-standard","has-post-thumbnail","hentry","category-editorial"],"_links":{"self":[{"href":"https:\/\/themexicopost.com\/index.php?rest_route=\/wp\/v2\/posts\/25531","targetHints":{"allow":["GET"]}}],"collection":[{"href":"https:\/\/themexicopost.com\/index.php?rest_route=\/wp\/v2\/posts"}],"about":[{"href":"https:\/\/themexicopost.com\/index.php?rest_route=\/wp\/v2\/types\/post"}],"author":[{"embeddable":true,"href":"https:\/\/themexicopost.com\/index.php?rest_route=\/wp\/v2\/users\/1"}],"replies":[{"embeddable":true,"href":"https:\/\/themexicopost.com\/index.php?rest_route=%2Fwp%2Fv2%2Fcomments&post=25531"}],"version-history":[{"count":1,"href":"https:\/\/themexicopost.com\/index.php?rest_route=\/wp\/v2\/posts\/25531\/revisions"}],"predecessor-version":[{"id":25533,"href":"https:\/\/themexicopost.com\/index.php?rest_route=\/wp\/v2\/posts\/25531\/revisions\/25533"}],"wp:featuredmedia":[{"embeddable":true,"href":"https:\/\/themexicopost.com\/index.php?rest_route=\/wp\/v2\/media\/25532"}],"wp:attachment":[{"href":"https:\/\/themexicopost.com\/index.php?rest_route=%2Fwp%2Fv2%2Fmedia&parent=25531"}],"wp:term":[{"taxonomy":"category","embeddable":true,"href":"https:\/\/themexicopost.com\/index.php?rest_route=%2Fwp%2Fv2%2Fcategories&post=25531"},{"taxonomy":"post_tag","embeddable":true,"href":"https:\/\/themexicopost.com\/index.php?rest_route=%2Fwp%2Fv2%2Ftags&post=25531"}],"curies":[{"name":"wp","href":"https:\/\/api.w.org\/{rel}","templated":true}]}}