{"id":25544,"date":"2023-12-15T12:18:35","date_gmt":"2023-12-15T12:18:35","guid":{"rendered":"https:\/\/themexicopost.com\/?p=25544"},"modified":"2023-12-15T12:18:37","modified_gmt":"2023-12-15T12:18:37","slug":"repatria-eua-a-mas-de-19-mil-ninas-ninos-y-adolescentes-mexicanos-en-9-meses","status":"publish","type":"post","link":"https:\/\/themexicopost.com\/?p=25544","title":{"rendered":"REPATRIA EUA A M\u00c1S DE 19 MIL NI\u00d1AS, NI\u00d1OS Y ADOLESCENTES MEXICANOS EN 9 MESES"},"content":{"rendered":"\n<figure class=\"wp-block-pullquote\"><blockquote><p>El 63% de los menores viajaban solos; World Vision llam\u00f3 al gobierno federal a revisar y mejorar las pol\u00edticas existentes en relaci\u00f3n con la migraci\u00f3n de menores.<\/p><\/blockquote><\/figure>\n\n\n\n<p class=\"has-drop-cap\">World Vision llam\u00f3 al gobierno federal a revisar y mejorar las pol\u00edticas existentes en relaci\u00f3n con la migraci\u00f3n de menores.<br><\/p>\n\n\n\n<figure class=\"wp-block-image size-large\"><img fetchpriority=\"high\" decoding=\"async\" width=\"1024\" height=\"683\" src=\"https:\/\/themexicopost.com\/wp-content\/uploads\/2023\/12\/REPATRIA-4A-1024x683.jpg\" alt=\"\" class=\"wp-image-25546\" srcset=\"https:\/\/themexicopost.com\/wp-content\/uploads\/2023\/12\/REPATRIA-4A-1024x683.jpg 1024w, https:\/\/themexicopost.com\/wp-content\/uploads\/2023\/12\/REPATRIA-4A-300x200.jpg 300w, https:\/\/themexicopost.com\/wp-content\/uploads\/2023\/12\/REPATRIA-4A-768x512.jpg 768w, https:\/\/themexicopost.com\/wp-content\/uploads\/2023\/12\/REPATRIA-4A-330x220.jpg 330w, https:\/\/themexicopost.com\/wp-content\/uploads\/2023\/12\/REPATRIA-4A-420x280.jpg 420w, https:\/\/themexicopost.com\/wp-content\/uploads\/2023\/12\/REPATRIA-4A-615x410.jpg 615w, https:\/\/themexicopost.com\/wp-content\/uploads\/2023\/12\/REPATRIA-4A-860x573.jpg 860w, https:\/\/themexicopost.com\/wp-content\/uploads\/2023\/12\/REPATRIA-4A.jpg 1200w\" sizes=\"(max-width: 1024px) 100vw, 1024px\" \/><\/figure>\n\n\n\n<p>De enero a septiembre de 2023 se registraron 19 mil 506 repatriaciones de ni\u00f1as, ni\u00f1os y adolescentes mexicanos desde Estados Unidos, de los cuales 63% viajaban solos, de acuerdo con World Vision.<br><\/p>\n\n\n\n<p>En un comunicado, destac\u00f3 que en ese lapso se documentaron 77 mil 121 eventos relacionados con ni\u00f1as, ni\u00f1os y adolescentes en situaci\u00f3n migratoria irregular, destacando que m\u00e1s del 56.1% corresponden a ni\u00f1os y adolescentes del g\u00e9nero masculino, se\u00f1al\u00f3 el organismo World Vision.<br><\/p>\n\n\n\n<figure class=\"wp-block-image size-large\"><img decoding=\"async\" width=\"1024\" height=\"683\" src=\"https:\/\/themexicopost.com\/wp-content\/uploads\/2023\/12\/REPATRIA-5-1024x683.jpg\" alt=\"\" class=\"wp-image-25547\" srcset=\"https:\/\/themexicopost.com\/wp-content\/uploads\/2023\/12\/REPATRIA-5-1024x683.jpg 1024w, https:\/\/themexicopost.com\/wp-content\/uploads\/2023\/12\/REPATRIA-5-300x200.jpg 300w, https:\/\/themexicopost.com\/wp-content\/uploads\/2023\/12\/REPATRIA-5-768x512.jpg 768w, https:\/\/themexicopost.com\/wp-content\/uploads\/2023\/12\/REPATRIA-5-330x220.jpg 330w, https:\/\/themexicopost.com\/wp-content\/uploads\/2023\/12\/REPATRIA-5-420x280.jpg 420w, https:\/\/themexicopost.com\/wp-content\/uploads\/2023\/12\/REPATRIA-5-615x410.jpg 615w, https:\/\/themexicopost.com\/wp-content\/uploads\/2023\/12\/REPATRIA-5-860x573.jpg 860w, https:\/\/themexicopost.com\/wp-content\/uploads\/2023\/12\/REPATRIA-5.jpg 1200w\" sizes=\"(max-width: 1024px) 100vw, 1024px\" \/><\/figure>\n\n\n\n<p>\u201cEn el contexto actual, es imperativo que el marco normativo para la movilidad sea aplicable y tangible para todas las personas. A nuestro pa\u00eds est\u00e1n llegando un gran n\u00famero de migrantes de diversos or\u00edgenes, y es crucial garantizar su protecci\u00f3n y respeto a los derechos humanos, especialmente en el caso de la ni\u00f1ez\u201d, agreg\u00f3.<br><\/p>\n\n\n\n<p>El organismo internacional llam\u00f3 al gobierno federal a revisar y mejorar las pol\u00edticas existentes en relaci\u00f3n con la migraci\u00f3n de ni\u00f1as, ni\u00f1os y adolescentes, asegurando su alineaci\u00f3n con los est\u00e1ndares internacionales de derechos humanos.<br><\/p>\n\n\n\n<figure class=\"wp-block-image size-large\"><img decoding=\"async\" width=\"1024\" height=\"683\" src=\"https:\/\/themexicopost.com\/wp-content\/uploads\/2023\/12\/REPATRIA-1024x683.jpg\" alt=\"\" class=\"wp-image-25548\" srcset=\"https:\/\/themexicopost.com\/wp-content\/uploads\/2023\/12\/REPATRIA-1024x683.jpg 1024w, https:\/\/themexicopost.com\/wp-content\/uploads\/2023\/12\/REPATRIA-300x200.jpg 300w, https:\/\/themexicopost.com\/wp-content\/uploads\/2023\/12\/REPATRIA-768x512.jpg 768w, https:\/\/themexicopost.com\/wp-content\/uploads\/2023\/12\/REPATRIA-330x220.jpg 330w, https:\/\/themexicopost.com\/wp-content\/uploads\/2023\/12\/REPATRIA-420x280.jpg 420w, https:\/\/themexicopost.com\/wp-content\/uploads\/2023\/12\/REPATRIA-615x410.jpg 615w, https:\/\/themexicopost.com\/wp-content\/uploads\/2023\/12\/REPATRIA-860x573.jpg 860w, https:\/\/themexicopost.com\/wp-content\/uploads\/2023\/12\/REPATRIA.jpg 1200w\" sizes=\"(max-width: 1024px) 100vw, 1024px\" \/><\/figure>\n\n\n\n<p>\u201cWorld Vision M\u00e9xico es consciente de lo dif\u00edcil que es transitar de un pa\u00eds a otro. Miles de personas salen a buscar oportunidades e incluso la paz fuera de sus pa\u00edses. Es por eso por lo que la organizaci\u00f3n ha asumido este gran reto en los estados de Baja California, Chihuahua y Chiapas, en acompa\u00f1ar a la ni\u00f1ez migrante en su camino. Cada kil\u00f3metro que recorren las ni\u00f1as y los ni\u00f1os est\u00e1 lleno de desaf\u00edos pol\u00edticos, f\u00edsicos, climatol\u00f3gicos y emocionales, que ellas y ellos desde su temprana edad tienen que afrontar\u201d, indic\u00f3.<br><\/p>\n\n\n\n<p>La ONG tambi\u00e9n exigi\u00f3 garantizar el acceso de las ni\u00f1as, ni\u00f1os y adolescentes a procedimientos justos y equitativos durante los procesos migratorios, incluyendo asesoramiento legal y representaci\u00f3n adecuada, con \u00e9nfasis en aquellos que viajan solos.<\/p>\n\n\n\n<figure class=\"wp-block-image size-large\"><img loading=\"lazy\" decoding=\"async\" width=\"1024\" height=\"683\" src=\"https:\/\/themexicopost.com\/wp-content\/uploads\/2023\/12\/REPATRIA-3-1024x683.jpg\" alt=\"\" class=\"wp-image-25549\" srcset=\"https:\/\/themexicopost.com\/wp-content\/uploads\/2023\/12\/REPATRIA-3-1024x683.jpg 1024w, https:\/\/themexicopost.com\/wp-content\/uploads\/2023\/12\/REPATRIA-3-300x200.jpg 300w, https:\/\/themexicopost.com\/wp-content\/uploads\/2023\/12\/REPATRIA-3-768x512.jpg 768w, https:\/\/themexicopost.com\/wp-content\/uploads\/2023\/12\/REPATRIA-3-330x220.jpg 330w, https:\/\/themexicopost.com\/wp-content\/uploads\/2023\/12\/REPATRIA-3-420x280.jpg 420w, https:\/\/themexicopost.com\/wp-content\/uploads\/2023\/12\/REPATRIA-3-615x410.jpg 615w, https:\/\/themexicopost.com\/wp-content\/uploads\/2023\/12\/REPATRIA-3-860x573.jpg 860w, https:\/\/themexicopost.com\/wp-content\/uploads\/2023\/12\/REPATRIA-3.jpg 1200w\" sizes=\"(max-width: 1024px) 100vw, 1024px\" \/><\/figure>\n","protected":false},"excerpt":{"rendered":"<p>El 63% de los menores viajaban solos; World Vision llam\u00f3 al gobierno federal a revisar y mejorar las pol\u00edticas existentes en relaci\u00f3n con la migraci\u00f3n de menores. World Vision llam\u00f3 al gobierno federal a revisar y mejorar las pol\u00edticas existentes en relaci\u00f3n con la migraci\u00f3n de menores. De enero a septiembre de 2023 se registraron [&hellip;]<\/p>\n","protected":false},"author":1,"featured_media":25550,"comment_status":"closed","ping_status":"closed","sticky":false,"template":"","format":"standard","meta":{"footnotes":""},"categories":[83,85],"tags":[],"class_list":["post-25544","post","type-post","status-publish","format-standard","has-post-thumbnail","hentry","category-destacado","category-portada"],"_links":{"self":[{"href":"https:\/\/themexicopost.com\/index.php?rest_route=\/wp\/v2\/posts\/25544","targetHints":{"allow":["GET"]}}],"collection":[{"href":"https:\/\/themexicopost.com\/index.php?rest_route=\/wp\/v2\/posts"}],"about":[{"href":"https:\/\/themexicopost.com\/index.php?rest_route=\/wp\/v2\/types\/post"}],"author":[{"embeddable":true,"href":"https:\/\/themexicopost.com\/index.php?rest_route=\/wp\/v2\/users\/1"}],"replies":[{"embeddable":true,"href":"https:\/\/themexicopost.com\/index.php?rest_route=%2Fwp%2Fv2%2Fcomments&post=25544"}],"version-history":[{"count":1,"href":"https:\/\/themexicopost.com\/index.php?rest_route=\/wp\/v2\/posts\/25544\/revisions"}],"predecessor-version":[{"id":25551,"href":"https:\/\/themexicopost.com\/index.php?rest_route=\/wp\/v2\/posts\/25544\/revisions\/25551"}],"wp:featuredmedia":[{"embeddable":true,"href":"https:\/\/themexicopost.com\/index.php?rest_route=\/wp\/v2\/media\/25550"}],"wp:attachment":[{"href":"https:\/\/themexicopost.com\/index.php?rest_route=%2Fwp%2Fv2%2Fmedia&parent=25544"}],"wp:term":[{"taxonomy":"category","embeddable":true,"href":"https:\/\/themexicopost.com\/index.php?rest_route=%2Fwp%2Fv2%2Fcategories&post=25544"},{"taxonomy":"post_tag","embeddable":true,"href":"https:\/\/themexicopost.com\/index.php?rest_route=%2Fwp%2Fv2%2Ftags&post=25544"}],"curies":[{"name":"wp","href":"https:\/\/api.w.org\/{rel}","templated":true}]}}