{"id":26505,"date":"2024-01-15T13:08:49","date_gmt":"2024-01-15T13:08:49","guid":{"rendered":"https:\/\/themexicopost.com\/?p=26505"},"modified":"2024-01-15T13:08:50","modified_gmt":"2024-01-15T13:08:50","slug":"mexico-es-una-potencia-cultural-en-el-mundo-afirma-presidente-en-chichen-itza","status":"publish","type":"post","link":"https:\/\/themexicopost.com\/?p=26505","title":{"rendered":"M\u00e9xico es una potencia cultural en el mundo, afirma presidente en Chich\u00e9n Itz\u00e1"},"content":{"rendered":"\n<figure class=\"wp-block-pullquote\"><blockquote><p>En la zona arqueol\u00f3gica de Chich\u00e9n Itz\u00e1, Yucat\u00e1n, destac\u00f3 que el sitio es prueba fehaciente del esplendor civilizatorio de la cultura maya.<\/p><\/blockquote><\/figure>\n\n\n\n<p class=\"has-drop-cap\">Durante la gira de trabajo por el sureste del pa\u00eds, el presidente Andr\u00e9s Manuel L\u00f3pez Obrador afirm\u00f3 que M\u00e9xico es una potencia cultural en el mundo a partir de los valores culturales, morales y espirituales heredados por las culturas prehisp\u00e1nicas de generaci\u00f3n en generaci\u00f3n.<br><\/p>\n\n\n\n<p>\u201cHemos enfrentado todo tipo de calamidades y siempre M\u00e9xico de pie, por su pueblo, que es heredero de estas culturas, de estas grandes civilizaciones. (\u2026) M\u00e9xico, si no es la potencia cultural m\u00e1s importante del mundo, est\u00e1 entre las m\u00e1s importantes del mundo. Es una potencia cultural, vamos a debatirlo, les invito\u201d, afirm\u00f3 en un video compartido en sus redes sociales.<br><\/p>\n\n\n\n<p>En la zona arqueol\u00f3gica de Chich\u00e9n Itz\u00e1, Yucat\u00e1n, destac\u00f3 que el sitio es prueba fehaciente del esplendor civilizatorio de la cultura maya.<br><\/p>\n\n\n\n<p>\u201cEs una de las ciudades de la naci\u00f3n maya m\u00e1s imponentes, grandiosas, monumentales como Calakmul, como Palenque, como muchas otras\u201d, abund\u00f3.<br><\/p>\n\n\n\n<p>Este domingo, el presidente continu\u00f3 en la supervisi\u00f3n del Tren Maya y obras complementarias para concluir los mil 554 kil\u00f3metros en febrero.<\/p>\n","protected":false},"excerpt":{"rendered":"<p>En la zona arqueol\u00f3gica de Chich\u00e9n Itz\u00e1, Yucat\u00e1n, destac\u00f3 que el sitio es prueba fehaciente del esplendor civilizatorio de la cultura maya. Durante la gira de trabajo por el sureste del pa\u00eds, el presidente Andr\u00e9s Manuel L\u00f3pez Obrador afirm\u00f3 que M\u00e9xico es una potencia cultural en el mundo a partir de los valores culturales, morales [&hellip;]<\/p>\n","protected":false},"author":1,"featured_media":26506,"comment_status":"closed","ping_status":"closed","sticky":false,"template":"","format":"standard","meta":{"footnotes":""},"categories":[83,81],"tags":[],"class_list":["post-26505","post","type-post","status-publish","format-standard","has-post-thumbnail","hentry","category-destacado","category-nacional"],"_links":{"self":[{"href":"https:\/\/themexicopost.com\/index.php?rest_route=\/wp\/v2\/posts\/26505","targetHints":{"allow":["GET"]}}],"collection":[{"href":"https:\/\/themexicopost.com\/index.php?rest_route=\/wp\/v2\/posts"}],"about":[{"href":"https:\/\/themexicopost.com\/index.php?rest_route=\/wp\/v2\/types\/post"}],"author":[{"embeddable":true,"href":"https:\/\/themexicopost.com\/index.php?rest_route=\/wp\/v2\/users\/1"}],"replies":[{"embeddable":true,"href":"https:\/\/themexicopost.com\/index.php?rest_route=%2Fwp%2Fv2%2Fcomments&post=26505"}],"version-history":[{"count":1,"href":"https:\/\/themexicopost.com\/index.php?rest_route=\/wp\/v2\/posts\/26505\/revisions"}],"predecessor-version":[{"id":26507,"href":"https:\/\/themexicopost.com\/index.php?rest_route=\/wp\/v2\/posts\/26505\/revisions\/26507"}],"wp:featuredmedia":[{"embeddable":true,"href":"https:\/\/themexicopost.com\/index.php?rest_route=\/wp\/v2\/media\/26506"}],"wp:attachment":[{"href":"https:\/\/themexicopost.com\/index.php?rest_route=%2Fwp%2Fv2%2Fmedia&parent=26505"}],"wp:term":[{"taxonomy":"category","embeddable":true,"href":"https:\/\/themexicopost.com\/index.php?rest_route=%2Fwp%2Fv2%2Fcategories&post=26505"},{"taxonomy":"post_tag","embeddable":true,"href":"https:\/\/themexicopost.com\/index.php?rest_route=%2Fwp%2Fv2%2Ftags&post=26505"}],"curies":[{"name":"wp","href":"https:\/\/api.w.org\/{rel}","templated":true}]}}