{"id":26538,"date":"2024-01-15T13:23:50","date_gmt":"2024-01-15T13:23:50","guid":{"rendered":"https:\/\/themexicopost.com\/?p=26538"},"modified":"2024-01-15T13:23:51","modified_gmt":"2024-01-15T13:23:51","slug":"papa-francisco-afirma-que-espera-viajar-a-argentina","status":"publish","type":"post","link":"https:\/\/themexicopost.com\/?p=26538","title":{"rendered":"Papa Francisco afirma que espera viajar a Argentina"},"content":{"rendered":"\n<figure class=\"wp-block-pullquote\"><blockquote><p>El pont\u00edfice tiene al menos 11 a\u00f1os que no visita su pa\u00eds natal, esto desde que asumi\u00f3 el puesto papal.<\/p><\/blockquote><\/figure>\n\n\n\n<p class=\"has-drop-cap\">El Papa Francisco dijo el domingo que, si puede, visitar\u00e1 su Argentina natal a finales de 2024, un viaje que lo llevar\u00eda all\u00ed por primera vez en su papado de casi 11 a\u00f1os y mientras sus compatriotas argentinos est\u00e1n sufriendo econ\u00f3micamente.<br><\/p>\n\n\n\n<p>Francisco no ha regresado a su tierra natal desde que fue elegido Papa en 2013.<br><\/p>\n\n\n\n<p>En una entrevista Francisco dijo que le preocupa el pueblo argentino porque est\u00e1 sufriendo mucho, en aparente referencia a la devastada econom\u00eda de ese pa\u00eds.<br><\/p>\n\n\n\n<p>Desde su residencia en el Vaticano, Francisco, de 87 a\u00f1os, dijo que planea visitar la Polinesia en agosto y que un viaje a Argentina llegar\u00eda en alg\u00fan momento posterior de este a\u00f1o.<br><\/p>\n\n\n\n<p>A fines del a\u00f1o pasado, Francisco dijo que el nuevo presidente de Argentina, Javier Milei, lo hab\u00eda invitado.<br><\/p>\n\n\n\n<p>Durante mucho tiempo Francisco se ha visto perseguido por preguntas sobre por qu\u00e9 no ha regresado a casa desde que se convirti\u00f3 en Papa.<br><\/p>\n\n\n\n<p>Durante la campa\u00f1a electoral del nuevo presidente argentino, Milei, un autodenominado \u201canarcocapitalista\u201d, llam\u00f3 a Francisco \u201cimb\u00e9cil\u201d por defender la justicia social. El Papa, que tuvo una larga conversaci\u00f3n con Milei despu\u00e9s de su victoria, indic\u00f3 que lo perdon\u00f3 por la ret\u00f3rica de campa\u00f1a.<br><\/p>\n\n\n\n<p>Cuando se le pregunt\u00f3 si ir\u00eda a Argentina y si estaba preocupado por los argentinos, Francisco respondi\u00f3: \u201cS\u00ed, me preocupa porque la gente est\u00e1 sufriendo mucho. Es un momento dif\u00edcil para el pa\u00eds\u201d.<br><\/p>\n\n\n\n<p>&#8220;Se est\u00e1 planificando la posibilidad de hacer un viaje (a Argentina) en la segunda parte del a\u00f1o&#8221;, dijo Francisco, se\u00f1alando tambi\u00e9n que el cronograma tiene en cuenta que el pa\u00eds tiene un nuevo gobierno.<br><\/p>\n\n\n\n<p>Con la tasa de inflaci\u00f3n anual de Argentina por encima del 200%, Milei se ha comprometido a reducir las regulaciones gubernamentales y las n\u00f3minas y permitir la privatizaci\u00f3n de industrias estatales como una forma de impulsar las exportaciones y la inversi\u00f3n. Los recortes ya han provocado protestas, pero Milei ha prometido seguir adelante.<\/p>\n","protected":false},"excerpt":{"rendered":"<p>El pont\u00edfice tiene al menos 11 a\u00f1os que no visita su pa\u00eds natal, esto desde que asumi\u00f3 el puesto papal. El Papa Francisco dijo el domingo que, si puede, visitar\u00e1 su Argentina natal a finales de 2024, un viaje que lo llevar\u00eda all\u00ed por primera vez en su papado de casi 11 a\u00f1os y mientras [&hellip;]<\/p>\n","protected":false},"author":1,"featured_media":26539,"comment_status":"closed","ping_status":"closed","sticky":false,"template":"","format":"standard","meta":{"footnotes":""},"categories":[80],"tags":[],"class_list":["post-26538","post","type-post","status-publish","format-standard","has-post-thumbnail","hentry","category-mundo"],"_links":{"self":[{"href":"https:\/\/themexicopost.com\/index.php?rest_route=\/wp\/v2\/posts\/26538","targetHints":{"allow":["GET"]}}],"collection":[{"href":"https:\/\/themexicopost.com\/index.php?rest_route=\/wp\/v2\/posts"}],"about":[{"href":"https:\/\/themexicopost.com\/index.php?rest_route=\/wp\/v2\/types\/post"}],"author":[{"embeddable":true,"href":"https:\/\/themexicopost.com\/index.php?rest_route=\/wp\/v2\/users\/1"}],"replies":[{"embeddable":true,"href":"https:\/\/themexicopost.com\/index.php?rest_route=%2Fwp%2Fv2%2Fcomments&post=26538"}],"version-history":[{"count":1,"href":"https:\/\/themexicopost.com\/index.php?rest_route=\/wp\/v2\/posts\/26538\/revisions"}],"predecessor-version":[{"id":26540,"href":"https:\/\/themexicopost.com\/index.php?rest_route=\/wp\/v2\/posts\/26538\/revisions\/26540"}],"wp:featuredmedia":[{"embeddable":true,"href":"https:\/\/themexicopost.com\/index.php?rest_route=\/wp\/v2\/media\/26539"}],"wp:attachment":[{"href":"https:\/\/themexicopost.com\/index.php?rest_route=%2Fwp%2Fv2%2Fmedia&parent=26538"}],"wp:term":[{"taxonomy":"category","embeddable":true,"href":"https:\/\/themexicopost.com\/index.php?rest_route=%2Fwp%2Fv2%2Fcategories&post=26538"},{"taxonomy":"post_tag","embeddable":true,"href":"https:\/\/themexicopost.com\/index.php?rest_route=%2Fwp%2Fv2%2Ftags&post=26538"}],"curies":[{"name":"wp","href":"https:\/\/api.w.org\/{rel}","templated":true}]}}