{"id":29416,"date":"2024-02-26T13:40:13","date_gmt":"2024-02-26T13:40:13","guid":{"rendered":"https:\/\/themexicopost.com\/?p=29416"},"modified":"2024-02-26T13:40:14","modified_gmt":"2024-02-26T13:40:14","slug":"multan-a-mas-de-400-por-no-respetar-el-no-circula-sabatino","status":"publish","type":"post","link":"https:\/\/themexicopost.com\/?p=29416","title":{"rendered":"Multan a m\u00e1s de 400 por no respetar el No Circula Sabatino"},"content":{"rendered":"\n<figure class=\"wp-block-pullquote\"><blockquote><p>Las multas aplicadas fueron para 125 veh\u00edculos de la Ciudad de M\u00e9xico, 273 del Estado de M\u00e9xico y 53 de otras entidades.<\/p><\/blockquote><\/figure>\n\n\n\n<p class=\"has-drop-cap wp-block-paragraph\">La Secretar\u00eda del Medio Ambiente (Sedema) de la Ciudad de M\u00e9xico dio a conocer que aplic\u00f3 452 sanciones a automovilistas por no respetar el Programa Ambiental Hoy No Circula sabatino, medida establecida por la Comisi\u00f3n Ambiental de la Megal\u00f3polis (CAMe) tras continuar la Fase I de Contingencia Ambiental Atmosf\u00e9rica por ozono en la Zona Metropolitana del Valle de M\u00e9xico.<br><\/p>\n\n\n\n<p class=\"wp-block-paragraph\">Este s\u00e1bado fueron sancionados 452 automovilistas, de los cuales 436 circulaban en d\u00eda restringido, dos fueron sancionados por falta de verificaci\u00f3n y 14 por ser ostensiblemente contaminantes.<br><\/p>\n\n\n\n<p class=\"wp-block-paragraph\">Las multas que se aplicaron fueron para 125 veh\u00edculos de la Ciudad de M\u00e9xico, 273 del Estado de M\u00e9xico y 53 de otras entidades.<br><\/p>\n\n\n\n<p class=\"wp-block-paragraph\">Con la finalidad de incentivar el respeto de los lineamientos establecidos en el Programa Hoy No Circula y el Programa de Verificaci\u00f3n Vehicular Obligatoria, la Ley Ambiental de Protecci\u00f3n a la Tierra en el Distrito Federal y su Reglamento en Materia de Verificaci\u00f3n Vehicular establecen sanciones econ\u00f3micas para aquellas personas que infrinjan dichos ordenamientos.<br><\/p>\n\n\n\n<p class=\"wp-block-paragraph\">Las Unidades de Vigilancia Ambiental est\u00e1n facultadas para realizar una inspecci\u00f3n que permita confirmar si el veh\u00edculo es sancionable; en ese caso, se elabora una boleta de sanci\u00f3n y a los veh\u00edculos for\u00e1neos ostensiblemente contaminantes se les retira la placa met\u00e1lica como medida cautelar.<\/p>\n","protected":false},"excerpt":{"rendered":"<p>Las multas aplicadas fueron para 125 veh\u00edculos de la Ciudad de M\u00e9xico, 273 del Estado de M\u00e9xico y 53 de otras entidades. La Secretar\u00eda del Medio Ambiente (Sedema) de la Ciudad de M\u00e9xico dio a conocer que aplic\u00f3 452 sanciones a automovilistas por no respetar el Programa Ambiental Hoy No Circula sabatino, medida establecida por [&hellip;]<\/p>\n","protected":false},"author":1,"featured_media":29417,"comment_status":"closed","ping_status":"closed","sticky":false,"template":"","format":"standard","meta":{"footnotes":""},"categories":[82],"tags":[],"class_list":["post-29416","post","type-post","status-publish","format-standard","has-post-thumbnail","hentry","category-cdmx"],"_links":{"self":[{"href":"https:\/\/themexicopost.com\/index.php?rest_route=\/wp\/v2\/posts\/29416","targetHints":{"allow":["GET"]}}],"collection":[{"href":"https:\/\/themexicopost.com\/index.php?rest_route=\/wp\/v2\/posts"}],"about":[{"href":"https:\/\/themexicopost.com\/index.php?rest_route=\/wp\/v2\/types\/post"}],"author":[{"embeddable":true,"href":"https:\/\/themexicopost.com\/index.php?rest_route=\/wp\/v2\/users\/1"}],"replies":[{"embeddable":true,"href":"https:\/\/themexicopost.com\/index.php?rest_route=%2Fwp%2Fv2%2Fcomments&post=29416"}],"version-history":[{"count":1,"href":"https:\/\/themexicopost.com\/index.php?rest_route=\/wp\/v2\/posts\/29416\/revisions"}],"predecessor-version":[{"id":29418,"href":"https:\/\/themexicopost.com\/index.php?rest_route=\/wp\/v2\/posts\/29416\/revisions\/29418"}],"wp:featuredmedia":[{"embeddable":true,"href":"https:\/\/themexicopost.com\/index.php?rest_route=\/wp\/v2\/media\/29417"}],"wp:attachment":[{"href":"https:\/\/themexicopost.com\/index.php?rest_route=%2Fwp%2Fv2%2Fmedia&parent=29416"}],"wp:term":[{"taxonomy":"category","embeddable":true,"href":"https:\/\/themexicopost.com\/index.php?rest_route=%2Fwp%2Fv2%2Fcategories&post=29416"},{"taxonomy":"post_tag","embeddable":true,"href":"https:\/\/themexicopost.com\/index.php?rest_route=%2Fwp%2Fv2%2Ftags&post=29416"}],"curies":[{"name":"wp","href":"https:\/\/api.w.org\/{rel}","templated":true}]}}