{"id":29419,"date":"2024-02-26T13:41:10","date_gmt":"2024-02-26T13:41:10","guid":{"rendered":"https:\/\/themexicopost.com\/?p=29419"},"modified":"2024-02-26T13:41:11","modified_gmt":"2024-02-26T13:41:11","slug":"batres-pone-en-marcha-el-corredor-taxquena-xochimilco-milpa-alta","status":"publish","type":"post","link":"https:\/\/themexicopost.com\/?p=29419","title":{"rendered":"Batres pone en marcha el corredor Taxque\u00f1a \u2013Xochimilco \u2013 Milpa Alta"},"content":{"rendered":"\n<figure class=\"wp-block-pullquote\"><blockquote><p>La empresa que operar\u00e1 esta nueva ruta ser\u00e1 \u201cCotaxomil\u201d, la cual se conform\u00f3 a partir de la extinci\u00f3n de la 36 y 81 rutas del transporte p\u00fablico concesionado.<\/p><\/blockquote><\/figure>\n\n\n\n<p class=\"has-drop-cap wp-block-paragraph\">Con la promesa de que beneficiar\u00e1n a 134 mil personas que habitan o trabajan al sur de la Ciudad de M\u00e9xico, Mart\u00ed Batres Guadarrama, jefe de Gobierno sustituto, puso en marcha el corredor \u201cTaxque\u00f1a \u2013 Xochimilco- Milpa Alta\u201d.<br><\/p>\n\n\n\n<p class=\"wp-block-paragraph\">En un acto protocolario, el morenista indic\u00f3 que la empresa que operar\u00e1 esta nueva ruta ser\u00e1 \u201cCotaxomil\u201d, la cual se conform\u00f3 a partir de la extinci\u00f3n de la 36 y 81 rutas del transporte p\u00fablico concesionado.<br><\/p>\n\n\n\n<figure class=\"wp-block-image size-large\"><img fetchpriority=\"high\" decoding=\"async\" width=\"1024\" height=\"683\" src=\"https:\/\/themexicopost.com\/wp-content\/uploads\/2024\/02\/batres-pone-2-1024x683.jpg\" alt=\"\" class=\"wp-image-29421\" srcset=\"https:\/\/themexicopost.com\/wp-content\/uploads\/2024\/02\/batres-pone-2-1024x683.jpg 1024w, https:\/\/themexicopost.com\/wp-content\/uploads\/2024\/02\/batres-pone-2-300x200.jpg 300w, https:\/\/themexicopost.com\/wp-content\/uploads\/2024\/02\/batres-pone-2-768x512.jpg 768w, https:\/\/themexicopost.com\/wp-content\/uploads\/2024\/02\/batres-pone-2-330x220.jpg 330w, https:\/\/themexicopost.com\/wp-content\/uploads\/2024\/02\/batres-pone-2-420x280.jpg 420w, https:\/\/themexicopost.com\/wp-content\/uploads\/2024\/02\/batres-pone-2-615x410.jpg 615w, https:\/\/themexicopost.com\/wp-content\/uploads\/2024\/02\/batres-pone-2-860x573.jpg 860w, https:\/\/themexicopost.com\/wp-content\/uploads\/2024\/02\/batres-pone-2.jpg 1200w\" sizes=\"(max-width: 1024px) 100vw, 1024px\" \/><\/figure>\n\n\n\n<p class=\"wp-block-paragraph\">De paso, Batres Guadarrama presumi\u00f3 que en lo que va de esta Administraci\u00f3n central, la cual comenz\u00f3 en diciembre de 2018, se han sustituido cuatro mil microbuses, a la vez que se conformaron m\u00e1s de cinco nuevas empresas de transporte p\u00fablico concesionado.<br><\/p>\n\n\n\n<p class=\"wp-block-paragraph\">\u201cSe han abierto las siguientes empresas: MID, Movilidad Interurbana Integral, Autobuses Unidos Legar\u00eda, Corredor Divisi\u00f3n del Norte \u2013 V\u00e9rtiz, Autobuses Barrios Culhuac\u00e1n, Movilidad del Noroeste, el Corredor Eje Norte \u2013 Sur, el corredor Taxque\u00f1a, Xochimilco Milpa Alta con estas nuevas empresas, en efecto se genera una nueva situaci\u00f3n los concesionarios se vuelven accionistas de las empresas, los trabajadores son inscritos al seguro social y tienen todos los derechos laborales\u201d, sostuvo el mandatario capitalino.<br><\/p>\n\n\n\n<p class=\"wp-block-paragraph\">Por su parte, Andr\u00e9s Lajous Loaeza, titular de la Secretar\u00eda de Movilidad (Semovi), expres\u00f3 que el corredor \u201cTaxque\u00f1a \u2013 Xochimilco \u2013 Milpa Alta\u201d contar\u00e1 con 102 autobuses cortos con capacidad para 60 pasajeros y 61 autobuses largos para 90 habitantes.<\/p>\n","protected":false},"excerpt":{"rendered":"<p>La empresa que operar\u00e1 esta nueva ruta ser\u00e1 \u201cCotaxomil\u201d, la cual se conform\u00f3 a partir de la extinci\u00f3n de la 36 y 81 rutas del transporte p\u00fablico concesionado. Con la promesa de que beneficiar\u00e1n a 134 mil personas que habitan o trabajan al sur de la Ciudad de M\u00e9xico, Mart\u00ed Batres Guadarrama, jefe de Gobierno [&hellip;]<\/p>\n","protected":false},"author":1,"featured_media":29420,"comment_status":"closed","ping_status":"closed","sticky":false,"template":"","format":"standard","meta":{"footnotes":""},"categories":[82,83],"tags":[],"class_list":["post-29419","post","type-post","status-publish","format-standard","has-post-thumbnail","hentry","category-cdmx","category-destacado"],"_links":{"self":[{"href":"https:\/\/themexicopost.com\/index.php?rest_route=\/wp\/v2\/posts\/29419","targetHints":{"allow":["GET"]}}],"collection":[{"href":"https:\/\/themexicopost.com\/index.php?rest_route=\/wp\/v2\/posts"}],"about":[{"href":"https:\/\/themexicopost.com\/index.php?rest_route=\/wp\/v2\/types\/post"}],"author":[{"embeddable":true,"href":"https:\/\/themexicopost.com\/index.php?rest_route=\/wp\/v2\/users\/1"}],"replies":[{"embeddable":true,"href":"https:\/\/themexicopost.com\/index.php?rest_route=%2Fwp%2Fv2%2Fcomments&post=29419"}],"version-history":[{"count":1,"href":"https:\/\/themexicopost.com\/index.php?rest_route=\/wp\/v2\/posts\/29419\/revisions"}],"predecessor-version":[{"id":29422,"href":"https:\/\/themexicopost.com\/index.php?rest_route=\/wp\/v2\/posts\/29419\/revisions\/29422"}],"wp:featuredmedia":[{"embeddable":true,"href":"https:\/\/themexicopost.com\/index.php?rest_route=\/wp\/v2\/media\/29420"}],"wp:attachment":[{"href":"https:\/\/themexicopost.com\/index.php?rest_route=%2Fwp%2Fv2%2Fmedia&parent=29419"}],"wp:term":[{"taxonomy":"category","embeddable":true,"href":"https:\/\/themexicopost.com\/index.php?rest_route=%2Fwp%2Fv2%2Fcategories&post=29419"},{"taxonomy":"post_tag","embeddable":true,"href":"https:\/\/themexicopost.com\/index.php?rest_route=%2Fwp%2Fv2%2Ftags&post=29419"}],"curies":[{"name":"wp","href":"https:\/\/api.w.org\/{rel}","templated":true}]}}