{"id":29429,"date":"2024-02-26T13:44:37","date_gmt":"2024-02-26T13:44:37","guid":{"rendered":"https:\/\/themexicopost.com\/?p=29429"},"modified":"2024-02-26T13:44:38","modified_gmt":"2024-02-26T13:44:38","slug":"mara-lezama-entrega-apoyos-del-programa-comemos-tods-en-felipe-carrillo-puerto","status":"publish","type":"post","link":"https:\/\/themexicopost.com\/?p=29429","title":{"rendered":"Mara Lezama entrega apoyos del programa \u2018Comemos Tod@s\u2019 en Felipe Carrillo Puerto"},"content":{"rendered":"\n<figure class=\"wp-block-pullquote\"><blockquote><p>Este programa cuenta con dos modalidades: un mes con paquete alimentario y el siguiente mes con un dep\u00f3sito de mil 350 pesos.<\/p><\/blockquote><\/figure>\n\n\n\n<p class=\"has-drop-cap wp-block-paragraph\">La gobernadora Mara Lezama Espinosa hizo entrega del apoyo del programa \u201cComemos Tod@s\u201d para ayudar a quienes m\u00e1s lo necesitan en este municipio donde suman 3 mil 300 beneficiarias y beneficiarios.<br><\/p>\n\n\n\n<p class=\"wp-block-paragraph\">El programa contempla, a trav\u00e9s de la Agencia de Seguridad Alimentaria, atender el rezago alimentario a trav\u00e9s de la modalidad con dos tipos de apoyos: un mes con un paquete alimentario y el siguiente mes con un dep\u00f3sito de mil 350 pesos con el que pueden comprar en las tiendas lo que contempla el programa.<br><\/p>\n\n\n\n<p class=\"wp-block-paragraph\">La entrega de estos apoyos, de forma directa y sin intermediarios se realiz\u00f3 en el teatro de la Ciudad, en donde la gobernadora Mara Lezama explic\u00f3 que este programa tiene en la prioridad de lo p\u00fablico a los seres humanos, a las ni\u00f1as, los ni\u00f1os, los hombres, los adultos mayores, pero sobre todo las mujeres.<br><\/p>\n\n\n\n<p class=\"wp-block-paragraph\">\u201cY esto es posible porque trabajamos todos los d\u00edas combatiendo la corrupci\u00f3n, y cuando se hace el dinero del pueblo alcanza para m\u00e1s, para construir m\u00e1s domos en escuelas, hospitales, programas como Comemos Tod@s\u201d a\u00f1adi\u00f3 la Gobernadora.<br><\/p>\n\n\n\n<p class=\"wp-block-paragraph\">Dijo que tambi\u00e9n es resultado del Nuevo Acuerdo por el Bienestar y Desarrollo de Quintana Roo, en todos los quintanarroenses suman esfuerzos para avanzar m\u00e1s r\u00e1pido en la transformaci\u00f3n del estado y la prosperidad compartida llegue a todas y a todos, pero primero a los pobres.<br><\/p>\n\n\n\n<p class=\"wp-block-paragraph\">Acompa\u00f1ada del secretario de Bienestar, Pablo Bustamante, y de la presidenta municipal Maricarmen Hern\u00e1ndez Sol\u00eds, la gobernadora Mara Lezama inici\u00f3 la entrega personalizada de las tarjetas.<br><\/p>\n\n\n\n<p class=\"wp-block-paragraph\">\u201cLo hacemos con un profundo cari\u00f1o en un gobierno que es completamente diferente, en un gobierno humanista, en un gobierno progresista, en donde todas y todos ustedes son prioridad y en donde Felipe Carrillo Puerto, este gran municipio que estuvo abandonado durante tantos gobiernos, nunca vuelva a sufrir esas brechas de desigualdad y nunca vuelva a sufrir el abandono de sus gobernantes\u201d finaliz\u00f3 la Gobernadora.<br><\/p>\n\n\n\n<p class=\"wp-block-paragraph\">Estuvieron en la entrega la presidenta honoraria del Sistema DIF Quintana Roo, Ver\u00f3nica Lezama Espinosa y el director general de la Agencia de Seguridad Alimentaria Alberto Ignacio Perera Medina.<\/p>\n","protected":false},"excerpt":{"rendered":"<p>Este programa cuenta con dos modalidades: un mes con paquete alimentario y el siguiente mes con un dep\u00f3sito de mil 350 pesos. La gobernadora Mara Lezama Espinosa hizo entrega del apoyo del programa \u201cComemos Tod@s\u201d para ayudar a quienes m\u00e1s lo necesitan en este municipio donde suman 3 mil 300 beneficiarias y beneficiarios. El programa [&hellip;]<\/p>\n","protected":false},"author":1,"featured_media":29430,"comment_status":"closed","ping_status":"closed","sticky":false,"template":"","format":"standard","meta":{"footnotes":""},"categories":[83,81],"tags":[],"class_list":["post-29429","post","type-post","status-publish","format-standard","has-post-thumbnail","hentry","category-destacado","category-nacional"],"_links":{"self":[{"href":"https:\/\/themexicopost.com\/index.php?rest_route=\/wp\/v2\/posts\/29429","targetHints":{"allow":["GET"]}}],"collection":[{"href":"https:\/\/themexicopost.com\/index.php?rest_route=\/wp\/v2\/posts"}],"about":[{"href":"https:\/\/themexicopost.com\/index.php?rest_route=\/wp\/v2\/types\/post"}],"author":[{"embeddable":true,"href":"https:\/\/themexicopost.com\/index.php?rest_route=\/wp\/v2\/users\/1"}],"replies":[{"embeddable":true,"href":"https:\/\/themexicopost.com\/index.php?rest_route=%2Fwp%2Fv2%2Fcomments&post=29429"}],"version-history":[{"count":1,"href":"https:\/\/themexicopost.com\/index.php?rest_route=\/wp\/v2\/posts\/29429\/revisions"}],"predecessor-version":[{"id":29431,"href":"https:\/\/themexicopost.com\/index.php?rest_route=\/wp\/v2\/posts\/29429\/revisions\/29431"}],"wp:featuredmedia":[{"embeddable":true,"href":"https:\/\/themexicopost.com\/index.php?rest_route=\/wp\/v2\/media\/29430"}],"wp:attachment":[{"href":"https:\/\/themexicopost.com\/index.php?rest_route=%2Fwp%2Fv2%2Fmedia&parent=29429"}],"wp:term":[{"taxonomy":"category","embeddable":true,"href":"https:\/\/themexicopost.com\/index.php?rest_route=%2Fwp%2Fv2%2Fcategories&post=29429"},{"taxonomy":"post_tag","embeddable":true,"href":"https:\/\/themexicopost.com\/index.php?rest_route=%2Fwp%2Fv2%2Ftags&post=29429"}],"curies":[{"name":"wp","href":"https:\/\/api.w.org\/{rel}","templated":true}]}}