{"id":29432,"date":"2024-02-26T13:45:41","date_gmt":"2024-02-26T13:45:41","guid":{"rendered":"https:\/\/themexicopost.com\/?p=29432"},"modified":"2024-02-26T13:45:42","modified_gmt":"2024-02-26T13:45:42","slug":"expone-iglesia-catolica-preocupacion-por-alza-de-violencia-contra-menores","status":"publish","type":"post","link":"https:\/\/themexicopost.com\/?p=29432","title":{"rendered":"Expone Iglesia Cat\u00f3lica preocupaci\u00f3n por alza de violencia contra menores"},"content":{"rendered":"\n<figure class=\"wp-block-pullquote\"><blockquote><p>Entre 2018 y 2021, hay 5 mil 819 ni\u00f1os y adolescentes que perdieron la vida a causa de la violencia.<\/p><\/blockquote><\/figure>\n\n\n\n<p class=\"has-drop-cap wp-block-paragraph\">Para la Arquidi\u00f3cesis Primada de M\u00e9xico es alarmante que haya un incremento en la violencia contra ni\u00f1as, ni\u00f1os y adolescentes en el pa\u00eds, por lo que cuestion\u00f3 que este grupo de la sociedad sufre la vulneraci\u00f3n de sus derechos por su edad y condici\u00f3n.<br><\/p>\n\n\n\n<p class=\"wp-block-paragraph\">En ese sentido, la jerarqu\u00eda religiosa mencion\u00f3 que los j\u00f3venes son v\u00edctima de extorsiones, secuestro y lesiones, seg\u00fan datos difundidos a trav\u00e9s de la Red por los Derechos de los Ni\u00f1os (Redim).<br><\/p>\n\n\n\n<p class=\"wp-block-paragraph\">De esta forma, la instituci\u00f3n cat\u00f3lica subray\u00f3 en su semanario \u201cDesde la Fe\u201d, que con base en dicha organizaci\u00f3n, &#8220;entre 2018 y 2021, hay 5 mil 819 ni\u00f1os y adolescentes que perdieron la vida a causa de la violencia. Adem\u00e1s, se han documentado 500 feminicidios de ni\u00f1as y adolescentes, con edades comprendidas entre los 0 y los 17 a\u00f1os&#8221; se lee en el texto.<br><\/p>\n\n\n\n<p class=\"wp-block-paragraph\">Tras estos n\u00fameros, la Arquidi\u00f3cesis lament\u00f3 que las cifras de agravio contra los infantes tengan una tendencia al alza, por lo que enfatiz\u00f3 que estos casos &#8220;nos gritan como una se\u00f1al de alarma&#8221; y &#8220;nos deber\u00edan atraer como una alerta roja&#8221;, dado que no se trata \u00fanicamente de n\u00fameros sino de familias heridas e historias y sue\u00f1os truncados.<br><\/p>\n\n\n\n<p class=\"wp-block-paragraph\">Fue as\u00ed que aprovechando su fuerza en el pa\u00eds como una instancia aut\u00f3noma, que la Iglesia cat\u00f3lica exhort\u00f3 a toda la poblaci\u00f3n a hacer todo lo posible para que \u201clos j\u00f3venes se sientan amados, se sientan queridos y que sepan que son la riqueza de nuestra naci\u00f3n&#8221;, abund\u00f3 en su escrito.<br><\/p>\n\n\n\n<p class=\"wp-block-paragraph\">Indic\u00f3 que los conceptos expuestos son parte de la encomienda que dej\u00f3 el papa Francisco en 2016, cuando visit\u00f3 M\u00e9xico por vez primera.<br><\/p>\n\n\n\n<p class=\"wp-block-paragraph\">Las cr\u00edticas del organismo religioso no son nuevas, puesto que en septiembre pasado advirti\u00f3 que la violencia en M\u00e9xico se ha convertido en sin\u00f3nimo de poder y de admiraci\u00f3n, \u201calgo de lo que los j\u00f3venes est\u00e1n deseosos ante el gran vac\u00edo que experimentan en su interior\u201d, ahond\u00f3 en aquel momento.<br><\/p>\n\n\n\n<p class=\"wp-block-paragraph\">Incluso, este \u00f3rgano que deber ser garante de la paz, reproch\u00f3 que haya divulgaci\u00f3n de videos donde se ve a personas ejerciendo violencia, por lo que se\u00f1al\u00f3 que no se puede esperar que el cambio total venga desde las autoridades, toda vez que las familias tambi\u00e9n son parte crucial de esta situaci\u00f3n, por lo que demand\u00f3 que deben tener muy claro que el futuro del pa\u00eds se construye desde nuestros ni\u00f1os y j\u00f3venes.<\/p>\n","protected":false},"excerpt":{"rendered":"<p>Entre 2018 y 2021, hay 5 mil 819 ni\u00f1os y adolescentes que perdieron la vida a causa de la violencia. Para la Arquidi\u00f3cesis Primada de M\u00e9xico es alarmante que haya un incremento en la violencia contra ni\u00f1as, ni\u00f1os y adolescentes en el pa\u00eds, por lo que cuestion\u00f3 que este grupo de la sociedad sufre la [&hellip;]<\/p>\n","protected":false},"author":1,"featured_media":29433,"comment_status":"closed","ping_status":"closed","sticky":false,"template":"","format":"standard","meta":{"footnotes":""},"categories":[81],"tags":[],"class_list":["post-29432","post","type-post","status-publish","format-standard","has-post-thumbnail","hentry","category-nacional"],"_links":{"self":[{"href":"https:\/\/themexicopost.com\/index.php?rest_route=\/wp\/v2\/posts\/29432","targetHints":{"allow":["GET"]}}],"collection":[{"href":"https:\/\/themexicopost.com\/index.php?rest_route=\/wp\/v2\/posts"}],"about":[{"href":"https:\/\/themexicopost.com\/index.php?rest_route=\/wp\/v2\/types\/post"}],"author":[{"embeddable":true,"href":"https:\/\/themexicopost.com\/index.php?rest_route=\/wp\/v2\/users\/1"}],"replies":[{"embeddable":true,"href":"https:\/\/themexicopost.com\/index.php?rest_route=%2Fwp%2Fv2%2Fcomments&post=29432"}],"version-history":[{"count":1,"href":"https:\/\/themexicopost.com\/index.php?rest_route=\/wp\/v2\/posts\/29432\/revisions"}],"predecessor-version":[{"id":29434,"href":"https:\/\/themexicopost.com\/index.php?rest_route=\/wp\/v2\/posts\/29432\/revisions\/29434"}],"wp:featuredmedia":[{"embeddable":true,"href":"https:\/\/themexicopost.com\/index.php?rest_route=\/wp\/v2\/media\/29433"}],"wp:attachment":[{"href":"https:\/\/themexicopost.com\/index.php?rest_route=%2Fwp%2Fv2%2Fmedia&parent=29432"}],"wp:term":[{"taxonomy":"category","embeddable":true,"href":"https:\/\/themexicopost.com\/index.php?rest_route=%2Fwp%2Fv2%2Fcategories&post=29432"},{"taxonomy":"post_tag","embeddable":true,"href":"https:\/\/themexicopost.com\/index.php?rest_route=%2Fwp%2Fv2%2Ftags&post=29432"}],"curies":[{"name":"wp","href":"https:\/\/api.w.org\/{rel}","templated":true}]}}