{"id":34299,"date":"2024-05-08T14:47:26","date_gmt":"2024-05-08T14:47:26","guid":{"rendered":"https:\/\/themexicopost.com\/?p=34299"},"modified":"2024-05-08T14:47:27","modified_gmt":"2024-05-08T14:47:27","slug":"brasil-sufre-por-tragedia-climatica-rio-grande-do-sul-bajo-el-agua","status":"publish","type":"post","link":"https:\/\/themexicopost.com\/?p=34299","title":{"rendered":"Brasil sufre por tragedia clim\u00e1tica, Rio Grande do Sul bajo el agua"},"content":{"rendered":"\n<figure class=\"wp-block-pullquote\"><blockquote><p>Las inundaciones han dejado a m\u00e1s de un centenar de personas desaparecidas, a 90 personas muertas y 155 heridas.<\/p><\/blockquote><\/figure>\n\n\n\n<p class=\"has-drop-cap\">Las inundaciones masivas en el estado de Rio Grande do Sul, en el sur de Brasil, han matado al menos a 75 personas en los \u00faltimos siete d\u00edas y otras 132 han sido reportadas como desaparecidas, dijeron las autoridades locales.<br><\/p>\n\n\n\n<p>Al menos 155 personas resultaron heridas, mientras que los da\u00f1os causados \u200b\u200bpor las lluvias obligaron a m\u00e1s de 88.000 personas a abandonar sus hogares. Aproximadamente 16.000 se refugiaron en escuelas, gimnasios y otros refugios temporales.<br><\/p>\n\n\n\n<p>Las inundaciones dejaron una estela de devastaci\u00f3n, incluidos deslizamientos de tierra, carreteras arrasadas y puentes derrumbados en todo el estado. Los operadores informaron cortes de electricidad y comunicaciones. M\u00e1s de 800.000 personas se encuentran sin suministro de agua, seg\u00fan la agencia de defensa civil, que cit\u00f3 cifras de la empresa de agua Corsan.<br><\/p>\n\n\n\n<p>Los residentes de la ciudad de Canoas se pusieron de pie en agua fangosa hasta los hombros y formaron una cadena humana para tirar de los botes que llevaban a las personas a un lugar seguro.<br><\/p>\n\n\n\n<p>El r\u00edo Guaiba alcanz\u00f3 un nivel r\u00e9cord de 5,33 metros superando los niveles observados durante un diluvio hist\u00f3rico de 1941, cuando el r\u00edo alcanz\u00f3 4,76 metros.<br><\/p>\n\n\n\n<p>\u201cRepito e insisto: la devastaci\u00f3n a la que estamos siendo sometidos no tiene precedentes\u201d, dijo el gobernador del estado, Eduardo Leite. Anteriormente hab\u00eda dicho que el estado necesitar\u00e1 una especie de &#8216;Plan Marshall&#8217; para ser reconstruido.<br><\/p>\n\n\n\n<p>El presidente de Brasil, Luiz In\u00e1cio Lula da Silva, alert\u00f3 de que la tragedia clim\u00e1tica en la regi\u00f3n sur del pa\u00eds fruto de unas inundaciones a\u00fan no ha acabado<br><\/p>\n\n\n\n<p>La crecida de varios de los principales r\u00edos de Rio Grande do Sul, fronterizo con Argentina y Uruguay, ha provocado estragos en 388 municipios, incluida Porto Alegre, la capital regional, y obligado a casi 200.000 personas a abandonar sus hogares por las inundaciones.<br><\/p>\n\n\n\n<p>Lula calific\u00f3 la situaci\u00f3n de Rio Grande do Sul de muy delicada, expres\u00f3 de nuevo su solidaridad al pueblo gaucho, que no se esperaba tanto sufrimiento en tan poco tiempo.<br><\/p>\n\n\n\n<p>\u201cEstamos 100 % comprometidos con la ayuda a Rio Grande do Sul. Brasil debe mucho a Rio Grande do Sul\u201d, una regi\u00f3n con un potente sector agropecuario, y no faltar\u00e1n recursos para atender sus necesidades, prometi\u00f3 el l\u00edder progresista.<br><\/p>\n\n\n\n<p>Asimismo, hizo un llamado para que los poderes Ejecutivo, Legislativo y Judicial trabajen de forma conjunta a fin de evitar burocracias que dificulten las transferencias de recursos p\u00fablicos con los que adquirir medicamentos, agua y combustible, entre otros insumos.<br><\/p>\n\n\n\n<p>Durante la misa dominical en el Vaticano, el Papa Francisco dijo que estaba orando por la poblaci\u00f3n del estado. \u201cQue el Se\u00f1or acoja a los muertos y consuele a sus familias y a quienes tuvieron que abandonar sus hogares\u201d, dijo.<br><\/p>\n\n\n\n<p>Las fuertes lluvias fueron el cuarto desastre ambiental de este tipo en el estado en un a\u00f1o, luego de las inundaciones de julio, septiembre y noviembre de 2023 que mataron a 75 personas.<br><\/p>\n\n\n\n<p>El clima en Am\u00e9rica del Sur se ve afectado por el fen\u00f3meno clim\u00e1tico El Ni\u00f1o, un evento peri\u00f3dico y natural que calienta las aguas superficiales en la regi\u00f3n del Pac\u00edfico Ecuatorial. En Brasil, El Ni\u00f1o hist\u00f3ricamente ha causado sequ\u00edas en el norte y lluvias intensas en el sur.<\/p>\n","protected":false},"excerpt":{"rendered":"<p>Las inundaciones han dejado a m\u00e1s de un centenar de personas desaparecidas, a 90 personas muertas y 155 heridas. Las inundaciones masivas en el estado de Rio Grande do Sul, en el sur de Brasil, han matado al menos a 75 personas en los \u00faltimos siete d\u00edas y otras 132 han sido reportadas como desaparecidas, [&hellip;]<\/p>\n","protected":false},"author":1,"featured_media":34300,"comment_status":"closed","ping_status":"closed","sticky":false,"template":"","format":"standard","meta":{"footnotes":""},"categories":[83,80],"tags":[],"class_list":["post-34299","post","type-post","status-publish","format-standard","has-post-thumbnail","hentry","category-destacado","category-mundo"],"_links":{"self":[{"href":"https:\/\/themexicopost.com\/index.php?rest_route=\/wp\/v2\/posts\/34299","targetHints":{"allow":["GET"]}}],"collection":[{"href":"https:\/\/themexicopost.com\/index.php?rest_route=\/wp\/v2\/posts"}],"about":[{"href":"https:\/\/themexicopost.com\/index.php?rest_route=\/wp\/v2\/types\/post"}],"author":[{"embeddable":true,"href":"https:\/\/themexicopost.com\/index.php?rest_route=\/wp\/v2\/users\/1"}],"replies":[{"embeddable":true,"href":"https:\/\/themexicopost.com\/index.php?rest_route=%2Fwp%2Fv2%2Fcomments&post=34299"}],"version-history":[{"count":1,"href":"https:\/\/themexicopost.com\/index.php?rest_route=\/wp\/v2\/posts\/34299\/revisions"}],"predecessor-version":[{"id":34301,"href":"https:\/\/themexicopost.com\/index.php?rest_route=\/wp\/v2\/posts\/34299\/revisions\/34301"}],"wp:featuredmedia":[{"embeddable":true,"href":"https:\/\/themexicopost.com\/index.php?rest_route=\/wp\/v2\/media\/34300"}],"wp:attachment":[{"href":"https:\/\/themexicopost.com\/index.php?rest_route=%2Fwp%2Fv2%2Fmedia&parent=34299"}],"wp:term":[{"taxonomy":"category","embeddable":true,"href":"https:\/\/themexicopost.com\/index.php?rest_route=%2Fwp%2Fv2%2Fcategories&post=34299"},{"taxonomy":"post_tag","embeddable":true,"href":"https:\/\/themexicopost.com\/index.php?rest_route=%2Fwp%2Fv2%2Ftags&post=34299"}],"curies":[{"name":"wp","href":"https:\/\/api.w.org\/{rel}","templated":true}]}}