{"id":36846,"date":"2024-06-12T14:58:26","date_gmt":"2024-06-12T14:58:26","guid":{"rendered":"https:\/\/themexicopost.com\/?p=36846"},"modified":"2024-06-12T14:58:27","modified_gmt":"2024-06-12T14:58:27","slug":"joe-biden-promete-un-mayor-control-de-armas","status":"publish","type":"post","link":"https:\/\/themexicopost.com\/?p=36846","title":{"rendered":"Joe Biden promete un mayor control de armas"},"content":{"rendered":"\n<figure class=\"wp-block-pullquote\"><blockquote><p>El mandatario se mostr\u00f3 emp\u00e1tico con personas que perdieron alg\u00fan ser querido a causa de la violencia con armas de fuego.<\/p><\/blockquote><\/figure>\n\n\n\n<p class=\"has-drop-cap\">El presidente Joe Biden anunci\u00f3 las medidas que su administraci\u00f3n ha tomado para fortalecer las leyes sobre armas en Estados Unidos y mejorar las penas para quienes las violen, pocas horas despu\u00e9s de conocer que su hijo Hunter hab\u00eda sido condenado por cargos federales de posesi\u00f3n ilegal de armas.<br><\/p>\n\n\n\n<p>En una conferencia en Washington organizada por Everytown for Gun Safety Action Fund, el presidente Joe Biden recit\u00f3 una lista de logros relacionados con las armas durante su administraci\u00f3n, lo que provoc\u00f3 grandes aplausos de los cientos de asistentes. Tambi\u00e9n pidi\u00f3 la prohibici\u00f3n de las armas de asalto y una verificaci\u00f3n universal de antecedentes para la compra de armas de fuego. El discurso de Biden se produjo cuando su hijo Hunter fue declarado culpable de tres cargos por mentir en un formulario federal de compra de armas en 2018 cuando dijo que no consum\u00eda drogas. El presidente, quien dijo que ama a su hijo y que tambi\u00e9n respetar\u00eda el veredicto, sal\u00eda del evento para dirigirse a Delaware para estar con su hijo y su familia. No mencion\u00f3 a su hijo durante su discurso.<br><\/p>\n\n\n\n<p>La campa\u00f1a de Biden dice que el control de armas podr\u00eda ser un tema motivador para las mujeres con educaci\u00f3n universitaria de los suburbios que podr\u00eda ser decisivo en varios campos de batalla clave este oto\u00f1o. La campa\u00f1a dem\u00f3crata y sus aliados ya han hecho circular clips de Trump, un republicano, diciendo: &#8220;Tenemos que superarlo&#8221; despu\u00e9s de un tiroteo en una escuela de Iowa en enero y luego dici\u00e9ndoles a miembros de la NRA en mayo que no hizo nada con las armas durante su presidencia.<br><\/p>\n\n\n\n<p>Los grupos que impulsan leyes m\u00e1s estrictas sobre armas han estado ganando fuerza pol\u00edtica a trav\u00e9s de m\u00faltiples elecciones, impulsados \u200b\u200bpor la protesta tras los tiroteos masivos en escuelas y otros lugares p\u00fablicos, adem\u00e1s de la violencia armada diaria en el pa\u00eds.<br><\/p>\n\n\n\n<p>Ahora, los defensores del control de armas y muchos dem\u00f3cratas ven oportunidades adicionales creadas por las posiciones duras del lobby de las armas y de su defensor m\u00e1s influyente, el expresidente Donald Trump.<br><\/p>\n\n\n\n<p>Tambi\u00e9n se\u00f1alan controversias en torno a la Asociaci\u00f3n Nacional del Rifle, que ha sufrido cambios de liderazgo y disminuci\u00f3n de membres\u00eda despu\u00e9s de que se descubri\u00f3 que un ex ejecutivo clave hab\u00eda gastado vuelos en jets privados y aceptado vacaciones de proveedores del grupo.<br><\/p>\n\n\n\n<p>Ha habido 15 asesinatos en masa en lo que va de 2024, seg\u00fan datos. Una matanza en masa se define como un ataque en el que han muerto cuatro o m\u00e1s personas, sin incluir al autor, en un per\u00edodo de 24 horas.<br><\/p>\n\n\n\n<p>Una encuesta de AP-NORC realizada en agosto de 2023 encontr\u00f3 que aproximadamente 6 de cada 10 votantes independientes dijeron que quer\u00edan leyes de armas m\u00e1s estrictas. Solamente alrededor de un tercio de los republicanos quer\u00eda una legislaci\u00f3n m\u00e1s amplia sobre armas, mientras que alrededor de 9 de cada 10 dem\u00f3cratas estaban a favor.<br><\/p>\n\n\n\n<p>Biden y la vicepresidenta Kamala Harris destacan su acci\u00f3n en materia de pol\u00edtica de armas, en particular la Ley Bipartidista de Comunidades M\u00e1s Seguras de 2022, un compromiso negociado despu\u00e9s de un tiroteo masivo en una escuela primaria en Uvalde, Texas.<br><\/p>\n\n\n\n<p>La ley ampli\u00f3 las verificaciones de antecedentes para los compradores de armas m\u00e1s j\u00f3venes, intent\u00f3 dificultar la obtenci\u00f3n de armas para los agresores dom\u00e9sticos y asign\u00f3 miles de millones de d\u00f3lares a programas destinados a frenar la violencia armada.<br><\/p>\n\n\n\n<p>Las leyes m\u00e1s estrictas sobre armas tambi\u00e9n son un pilar clave del mensaje contra el crimen de Biden. En su discurso del martes, el presidente se\u00f1al\u00f3 a los m\u00e1s de 500 acusados \u200b\u200bque ahora han sido acusados \u200b\u200ben virtud de la ley de 2022 por delitos federales de tr\u00e1fico de armas y compra testaruda.<br><\/p>\n\n\n\n<p>Biden tambi\u00e9n revitaliz\u00f3 la Oficina de Alcohol, Tabaco, Armas de Fuego y Explosivos, y es el primer presidente en establecer una oficina en la Casa Blanca dedicada a prevenir la violencia armada.<\/p>\n","protected":false},"excerpt":{"rendered":"<p>El mandatario se mostr\u00f3 emp\u00e1tico con personas que perdieron alg\u00fan ser querido a causa de la violencia con armas de fuego. El presidente Joe Biden anunci\u00f3 las medidas que su administraci\u00f3n ha tomado para fortalecer las leyes sobre armas en Estados Unidos y mejorar las penas para quienes las violen, pocas horas despu\u00e9s de conocer [&hellip;]<\/p>\n","protected":false},"author":1,"featured_media":36847,"comment_status":"closed","ping_status":"closed","sticky":false,"template":"","format":"standard","meta":{"footnotes":""},"categories":[83,80],"tags":[],"class_list":["post-36846","post","type-post","status-publish","format-standard","has-post-thumbnail","hentry","category-destacado","category-mundo"],"_links":{"self":[{"href":"https:\/\/themexicopost.com\/index.php?rest_route=\/wp\/v2\/posts\/36846","targetHints":{"allow":["GET"]}}],"collection":[{"href":"https:\/\/themexicopost.com\/index.php?rest_route=\/wp\/v2\/posts"}],"about":[{"href":"https:\/\/themexicopost.com\/index.php?rest_route=\/wp\/v2\/types\/post"}],"author":[{"embeddable":true,"href":"https:\/\/themexicopost.com\/index.php?rest_route=\/wp\/v2\/users\/1"}],"replies":[{"embeddable":true,"href":"https:\/\/themexicopost.com\/index.php?rest_route=%2Fwp%2Fv2%2Fcomments&post=36846"}],"version-history":[{"count":1,"href":"https:\/\/themexicopost.com\/index.php?rest_route=\/wp\/v2\/posts\/36846\/revisions"}],"predecessor-version":[{"id":36848,"href":"https:\/\/themexicopost.com\/index.php?rest_route=\/wp\/v2\/posts\/36846\/revisions\/36848"}],"wp:featuredmedia":[{"embeddable":true,"href":"https:\/\/themexicopost.com\/index.php?rest_route=\/wp\/v2\/media\/36847"}],"wp:attachment":[{"href":"https:\/\/themexicopost.com\/index.php?rest_route=%2Fwp%2Fv2%2Fmedia&parent=36846"}],"wp:term":[{"taxonomy":"category","embeddable":true,"href":"https:\/\/themexicopost.com\/index.php?rest_route=%2Fwp%2Fv2%2Fcategories&post=36846"},{"taxonomy":"post_tag","embeddable":true,"href":"https:\/\/themexicopost.com\/index.php?rest_route=%2Fwp%2Fv2%2Ftags&post=36846"}],"curies":[{"name":"wp","href":"https:\/\/api.w.org\/{rel}","templated":true}]}}