{"id":36859,"date":"2024-06-12T15:06:22","date_gmt":"2024-06-12T15:06:22","guid":{"rendered":"https:\/\/themexicopost.com\/?p=36859"},"modified":"2024-06-12T15:06:23","modified_gmt":"2024-06-12T15:06:23","slug":"evacuan-el-palacio-de-versalles-por-amenaza-de-incendio","status":"publish","type":"post","link":"https:\/\/themexicopost.com\/?p=36859","title":{"rendered":"Evacuan el Palacio de Versalles por amenaza de incendio"},"content":{"rendered":"\n<figure class=\"wp-block-pullquote\"><blockquote><p>El humo fue detectado alrededor de las 15:15 horas y los turistas fueron r\u00e1pidamente evacuados seg\u00fan el protocolo. A los visitantes se les permiti\u00f3 regresar a las 4:30 p.m.<\/p><\/blockquote><\/figure>\n\n\n\n<p class=\"has-drop-cap\">El Palacio de Versalles fue evacuado brevemente despu\u00e9s de que se detectaran columnas de humo en medio de trabajos de renovaci\u00f3n en el techo cerca de la Corte de M\u00e1rmol, un \u00e1rea del castillo original construido en 1623 por el rey franc\u00e9s Luis XIII.<br><\/p>\n\n\n\n<p>La oficina de prensa del palacio dijo que no hubo incendio, pero que emanaba humo de una zona caliente en la madera del techo. La oficina dijo que los bomberos locales r\u00e1pidamente apagaron el humo.<br><\/p>\n\n\n\n<p>La oficina del palacio dijo que no hubo heridos ni da\u00f1os al edificio ni a las colecciones patrimoniales. Se estaban realizando investigaciones.<br><\/p>\n\n\n\n<p>El Palacio es una importante atracci\u00f3n tur\u00edstica, con 8 millones de visitantes anuales.<br><\/p>\n\n\n\n<p>El humo fue detectado alrededor de las 15:15 horas y los turistas fueron r\u00e1pidamente evacuados seg\u00fan el protocolo. A los visitantes se les permiti\u00f3 regresar a las 4:30 p.m.<br><\/p>\n\n\n\n<p>En 2019, la catedral de Notre Dame en el centro de Par\u00eds fue devastada por un incendio que arras\u00f3 el techo y provoc\u00f3 el colapso de la aguja. La restauraci\u00f3n de la catedral finalizar\u00e1 a finales de 2024.<\/p>\n","protected":false},"excerpt":{"rendered":"<p>El humo fue detectado alrededor de las 15:15 horas y los turistas fueron r\u00e1pidamente evacuados seg\u00fan el protocolo. A los visitantes se les permiti\u00f3 regresar a las 4:30 p.m. El Palacio de Versalles fue evacuado brevemente despu\u00e9s de que se detectaran columnas de humo en medio de trabajos de renovaci\u00f3n en el techo cerca de [&hellip;]<\/p>\n","protected":false},"author":1,"featured_media":36860,"comment_status":"closed","ping_status":"closed","sticky":false,"template":"","format":"standard","meta":{"footnotes":""},"categories":[83,80,85],"tags":[],"class_list":["post-36859","post","type-post","status-publish","format-standard","has-post-thumbnail","hentry","category-destacado","category-mundo","category-portada"],"_links":{"self":[{"href":"https:\/\/themexicopost.com\/index.php?rest_route=\/wp\/v2\/posts\/36859","targetHints":{"allow":["GET"]}}],"collection":[{"href":"https:\/\/themexicopost.com\/index.php?rest_route=\/wp\/v2\/posts"}],"about":[{"href":"https:\/\/themexicopost.com\/index.php?rest_route=\/wp\/v2\/types\/post"}],"author":[{"embeddable":true,"href":"https:\/\/themexicopost.com\/index.php?rest_route=\/wp\/v2\/users\/1"}],"replies":[{"embeddable":true,"href":"https:\/\/themexicopost.com\/index.php?rest_route=%2Fwp%2Fv2%2Fcomments&post=36859"}],"version-history":[{"count":1,"href":"https:\/\/themexicopost.com\/index.php?rest_route=\/wp\/v2\/posts\/36859\/revisions"}],"predecessor-version":[{"id":36861,"href":"https:\/\/themexicopost.com\/index.php?rest_route=\/wp\/v2\/posts\/36859\/revisions\/36861"}],"wp:featuredmedia":[{"embeddable":true,"href":"https:\/\/themexicopost.com\/index.php?rest_route=\/wp\/v2\/media\/36860"}],"wp:attachment":[{"href":"https:\/\/themexicopost.com\/index.php?rest_route=%2Fwp%2Fv2%2Fmedia&parent=36859"}],"wp:term":[{"taxonomy":"category","embeddable":true,"href":"https:\/\/themexicopost.com\/index.php?rest_route=%2Fwp%2Fv2%2Fcategories&post=36859"},{"taxonomy":"post_tag","embeddable":true,"href":"https:\/\/themexicopost.com\/index.php?rest_route=%2Fwp%2Fv2%2Ftags&post=36859"}],"curies":[{"name":"wp","href":"https:\/\/api.w.org\/{rel}","templated":true}]}}