{"id":45664,"date":"2024-10-23T14:25:09","date_gmt":"2024-10-23T14:25:09","guid":{"rendered":"https:\/\/themexicopost.com\/?p=45664"},"modified":"2024-10-23T14:25:10","modified_gmt":"2024-10-23T14:25:10","slug":"proponen-los-lideres-de-hungria-serbia-y-eslovaquia-crear-albergues-para-migrantes-fuera-de-la-ue","status":"publish","type":"post","link":"https:\/\/themexicopost.com\/?p=45664","title":{"rendered":"Proponen los l\u00edderes de Hungr\u00eda, Serbia y Eslovaquia crear albergues para migrantes fuera de la UE"},"content":{"rendered":"\n<figure class=\"wp-block-pullquote\"><blockquote><p>Cada uno de los tres l\u00edderes se ha manifestado abiertamente contra la inmigraci\u00f3n.<\/p><\/blockquote><\/figure>\n\n\n\n<p class=\"has-drop-cap\">Los l\u00edderes de Hungr\u00eda, Serbia y Eslovaquia propusieron establecer instalaciones para albergar a solicitantes de asilo fuera del territorio de la Uni\u00f3n Europea, una soluci\u00f3n que, seg\u00fan dijeron, ayudar\u00eda a frenar la inmigraci\u00f3n ilegal que, seg\u00fan creen, representa una amenaza existencial para el bloque.<br><\/p>\n\n\n\n<p>Tras una reuni\u00f3n en Komarno, Eslovaquia, el primer ministro h\u00fangaro, Viktor Orb\u00e1n, el presidente serbio, Aleksandar Vucic, y el primer ministro eslovaco, Robert Fico, esbozaron una pol\u00edtica migratoria m\u00e1s estricta que les gustar\u00eda que adoptara la UE, incluidas medidas de deportaci\u00f3n m\u00e1s efectivas y una mayor financiaci\u00f3n para los pa\u00edses miembros en las fronteras externas del bloque.<br><\/p>\n\n\n\n<p>Un pacto migratorio largamente esperado adoptado por la UE en mayo no es una soluci\u00f3n, sino el problema en s\u00ed\u201d dijo Orb\u00e1n, quien ha sido durante mucho tiempo uno de los opositores m\u00e1s ardientes de la inmigraci\u00f3n en el bloque de 27 miembros.<br><\/p>\n\n\n\n<p>Propuso establecer \u201cpuntos calientes\u201d financiados y operados por la UE en el norte de \u00c1frica y otros lugares para retener a los solicitantes de asilo hasta que se aprueben sus solicitudes de protecci\u00f3n internacional.<br><\/p>\n\n\n\n<p>Cada uno de los tres l\u00edderes se ha manifestado abiertamente contra la inmigraci\u00f3n, pero Orb\u00e1n la ha convertido en un pilar central de su gobierno populista de derecha durante casi una d\u00e9cada. En 2022 provoc\u00f3 indignaci\u00f3n cuando dijo a una multitud de fieles del partido que Hungr\u00eda no quer\u00eda convertirse en una \u201craza mixta\u201d, y opin\u00f3 que \u201cno hay suficientes europeos cristianos, blancos y tradicionales en Europa\u201d.<br><\/p>\n\n\n\n<p>Fico, aliado de Orb\u00e1n, propuso que la Uni\u00f3n Europea erija barreras f\u00edsicas en sus fronteras exteriores, algo que Hungr\u00eda hizo unilateralmente en 2015 despu\u00e9s de que cientos de miles de personas, en su mayor\u00eda huyendo de la guerra y la inestabilidad en Siria e Irak, ingresaran a la UE en cuesti\u00f3n de meses.<br><\/p>\n\n\n\n<p>Fico tambi\u00e9n critic\u00f3 las recientes reformas migratorias de la UE, diciendo que el bloque necesita aprobar &#8220;un nuevo pacto migratorio que tenga en cuenta lo que las leyes a\u00fan no han permitido&#8221;, como las deportaciones.<br><\/p>\n\n\n\n<p>En una declaraci\u00f3n conjunta adoptada durante su reuni\u00f3n, los tres l\u00edderes acordaron que la migraci\u00f3n ilegal es un problema grave, alimentado por la inestabilidad geopol\u00edtica, los crecientes conflictos y las desigualdades sociales en el vecindario inmediato de Europa.<br><\/p>\n\n\n\n<p>Sin embargo, seg\u00fan Frontex, la agencia fronteriza de la UE, el n\u00famero de cruces fronterizos irregulares hacia el bloque cay\u00f3 un 42% en los primeros nueve meses de 2024, y un 79% a lo largo de la ruta de los Balcanes Occidentales, que incluye a Serbia y Hungr\u00eda.<\/p>\n","protected":false},"excerpt":{"rendered":"<p>Cada uno de los tres l\u00edderes se ha manifestado abiertamente contra la inmigraci\u00f3n. Los l\u00edderes de Hungr\u00eda, Serbia y Eslovaquia propusieron establecer instalaciones para albergar a solicitantes de asilo fuera del territorio de la Uni\u00f3n Europea, una soluci\u00f3n que, seg\u00fan dijeron, ayudar\u00eda a frenar la inmigraci\u00f3n ilegal que, seg\u00fan creen, representa una amenaza existencial para [&hellip;]<\/p>\n","protected":false},"author":1,"featured_media":45666,"comment_status":"closed","ping_status":"closed","sticky":false,"template":"","format":"standard","meta":{"footnotes":""},"categories":[80],"tags":[],"class_list":["post-45664","post","type-post","status-publish","format-standard","has-post-thumbnail","hentry","category-mundo"],"_links":{"self":[{"href":"https:\/\/themexicopost.com\/index.php?rest_route=\/wp\/v2\/posts\/45664","targetHints":{"allow":["GET"]}}],"collection":[{"href":"https:\/\/themexicopost.com\/index.php?rest_route=\/wp\/v2\/posts"}],"about":[{"href":"https:\/\/themexicopost.com\/index.php?rest_route=\/wp\/v2\/types\/post"}],"author":[{"embeddable":true,"href":"https:\/\/themexicopost.com\/index.php?rest_route=\/wp\/v2\/users\/1"}],"replies":[{"embeddable":true,"href":"https:\/\/themexicopost.com\/index.php?rest_route=%2Fwp%2Fv2%2Fcomments&post=45664"}],"version-history":[{"count":1,"href":"https:\/\/themexicopost.com\/index.php?rest_route=\/wp\/v2\/posts\/45664\/revisions"}],"predecessor-version":[{"id":45667,"href":"https:\/\/themexicopost.com\/index.php?rest_route=\/wp\/v2\/posts\/45664\/revisions\/45667"}],"wp:featuredmedia":[{"embeddable":true,"href":"https:\/\/themexicopost.com\/index.php?rest_route=\/wp\/v2\/media\/45666"}],"wp:attachment":[{"href":"https:\/\/themexicopost.com\/index.php?rest_route=%2Fwp%2Fv2%2Fmedia&parent=45664"}],"wp:term":[{"taxonomy":"category","embeddable":true,"href":"https:\/\/themexicopost.com\/index.php?rest_route=%2Fwp%2Fv2%2Fcategories&post=45664"},{"taxonomy":"post_tag","embeddable":true,"href":"https:\/\/themexicopost.com\/index.php?rest_route=%2Fwp%2Fv2%2Ftags&post=45664"}],"curies":[{"name":"wp","href":"https:\/\/api.w.org\/{rel}","templated":true}]}}