{"id":45668,"date":"2024-10-23T14:26:07","date_gmt":"2024-10-23T14:26:07","guid":{"rendered":"https:\/\/themexicopost.com\/?p=45668"},"modified":"2024-10-23T14:26:09","modified_gmt":"2024-10-23T14:26:09","slug":"acusa-nicolas-maduro-a-elon-musk-de-formar-jovenes-fascistas","status":"publish","type":"post","link":"https:\/\/themexicopost.com\/?p=45668","title":{"rendered":"Acusa Nicol\u00e1s Maduro a Elon Musk de formar j\u00f3venes fascistas"},"content":{"rendered":"\n<figure class=\"wp-block-pullquote\"><blockquote><p>El millonario no ha sido silencioso con sus donaciones hacia el candidato Donald Trump, invirtiendo en su campa\u00f1a m\u00e1s de 75 mdd.<\/p><\/blockquote><\/figure>\n\n\n\n<p class=\"has-drop-cap\">El presidente de Venezuela, Nicol\u00e1s Maduro, asegur\u00f3 que el magnate Elon Musk est\u00e1 formando a los j\u00f3venes, a trav\u00e9s de la red social X, para el fascismo, el nazismo, para la desconfiguraci\u00f3n familiar.<br><\/p>\n\n\n\n<p>\u201c\u00bfPara qu\u00e9 democracia estamos formando a los futuros ciudadanos, a los futuros de Venezuela? yo s\u00ed les puedo decir: Elon Musk los est\u00e1 formando para el fascismo, para el nazismo, para la desconfiguraci\u00f3n familiar. Musk por el tel\u00e9fono m\u00f3vil est\u00e1 formando a millones de hombres y mujeres de la humanidad\u201d, dijo en su programa de televisi\u00f3n semanal, sin mostrar pruebas de su afirmaci\u00f3n.<br><\/p>\n\n\n\n<p>Maduro sostuvo que en la actualidad los ni\u00f1os se forman a trav\u00e9s de los videojuegos, de las computadoras port\u00e1tiles, donde encuentran el modelo de violencia, para matar, para masacrar.<br><\/p>\n\n\n\n<p>El pasado 14 de octubre, el presidente venezolano asegur\u00f3 que Musk invirti\u00f3 \u201cno menos\u201d de 1.000 millones de d\u00f3lares en un supuesto plan de \u201cviolencia\u201d contra los comicios del 28 de julio, en los que el chavista fue proclamado ganador por el Consejo Nacional Electoral (CNE), un resultado cuestionado fuera y dentro del pa\u00eds.<br><\/p>\n\n\n\n<p>Acus\u00f3 nuevamente al fundador de SpaceX de estar detr\u00e1s del plan de la extrema derecha venezolana, como suele referirse a la oposici\u00f3n mayoritaria, agrupada en la Plataforma Unitaria Democr\u00e1tica (PUD), para generar violencia y desconocer el resultado anunciado por el CNE, que a\u00fan no publica los datos desagregados de esos comicios, pese a que estaba establecido en el cronograma oficial.<br><\/p>\n\n\n\n<p>En agosto pasado, Maduro orden\u00f3 sacar de circulaci\u00f3n la red social X durante 10 d\u00edas, para que la empresa presentara recaudos y establecer una medida administrativa definitiva, un hecho que se produjo d\u00edas despu\u00e9s de que el mandatario retara a Musk a una pelea (si, un combate f\u00edsico) que el magnate acept\u00f3 de inmediato.<\/p>\n","protected":false},"excerpt":{"rendered":"<p>El millonario no ha sido silencioso con sus donaciones hacia el candidato Donald Trump, invirtiendo en su campa\u00f1a m\u00e1s de 75 mdd. El presidente de Venezuela, Nicol\u00e1s Maduro, asegur\u00f3 que el magnate Elon Musk est\u00e1 formando a los j\u00f3venes, a trav\u00e9s de la red social X, para el fascismo, el nazismo, para la desconfiguraci\u00f3n familiar. [&hellip;]<\/p>\n","protected":false},"author":1,"featured_media":45669,"comment_status":"closed","ping_status":"closed","sticky":false,"template":"","format":"standard","meta":{"footnotes":""},"categories":[83,80],"tags":[],"class_list":["post-45668","post","type-post","status-publish","format-standard","has-post-thumbnail","hentry","category-destacado","category-mundo"],"_links":{"self":[{"href":"https:\/\/themexicopost.com\/index.php?rest_route=\/wp\/v2\/posts\/45668","targetHints":{"allow":["GET"]}}],"collection":[{"href":"https:\/\/themexicopost.com\/index.php?rest_route=\/wp\/v2\/posts"}],"about":[{"href":"https:\/\/themexicopost.com\/index.php?rest_route=\/wp\/v2\/types\/post"}],"author":[{"embeddable":true,"href":"https:\/\/themexicopost.com\/index.php?rest_route=\/wp\/v2\/users\/1"}],"replies":[{"embeddable":true,"href":"https:\/\/themexicopost.com\/index.php?rest_route=%2Fwp%2Fv2%2Fcomments&post=45668"}],"version-history":[{"count":1,"href":"https:\/\/themexicopost.com\/index.php?rest_route=\/wp\/v2\/posts\/45668\/revisions"}],"predecessor-version":[{"id":45670,"href":"https:\/\/themexicopost.com\/index.php?rest_route=\/wp\/v2\/posts\/45668\/revisions\/45670"}],"wp:featuredmedia":[{"embeddable":true,"href":"https:\/\/themexicopost.com\/index.php?rest_route=\/wp\/v2\/media\/45669"}],"wp:attachment":[{"href":"https:\/\/themexicopost.com\/index.php?rest_route=%2Fwp%2Fv2%2Fmedia&parent=45668"}],"wp:term":[{"taxonomy":"category","embeddable":true,"href":"https:\/\/themexicopost.com\/index.php?rest_route=%2Fwp%2Fv2%2Fcategories&post=45668"},{"taxonomy":"post_tag","embeddable":true,"href":"https:\/\/themexicopost.com\/index.php?rest_route=%2Fwp%2Fv2%2Ftags&post=45668"}],"curies":[{"name":"wp","href":"https:\/\/api.w.org\/{rel}","templated":true}]}}