{"id":45700,"date":"2024-10-23T14:46:38","date_gmt":"2024-10-23T14:46:38","guid":{"rendered":"https:\/\/themexicopost.com\/?p=45700"},"modified":"2024-10-23T14:46:39","modified_gmt":"2024-10-23T14:46:39","slug":"critica-ucrania-a-guterres-por-su-reunion-con-putin","status":"publish","type":"post","link":"https:\/\/themexicopost.com\/?p=45700","title":{"rendered":"Critica Ucrania a Guterres por su reuni\u00f3n con Putin"},"content":{"rendered":"\n<figure class=\"wp-block-pullquote\"><blockquote><p>La cr\u00edtica se dio por parte del gobierno ucraniano, tras la reuni\u00f3n del secretario general de la ONU con el presidente ruso.<\/p><\/blockquote><\/figure>\n\n\n\n<p class=\"has-drop-cap\">El Gobierno de Ucrania ha criticado fuertemente al secretario general de la ONU, Ant\u00f3nio Guterres, por aceptar reunirse con el presidente de Rusia, Vladimir Putin, despu\u00e9s de que en junio descartase asistir a la conferencia de paz celebrada en Suiza y a la que s\u00ed acudieron otros l\u00edderes internacionales.<br><\/p>\n\n\n\n<p>El Ministerio de Exteriores ucraniano mencion\u00f3 mediante un mensaje en redes sociales lamenta la elecci\u00f3n equivocada de Guterres de aceptar la invitaci\u00f3n a Kaz\u00e1n del &#8220;criminal de guerra Putin&#8221;.<br><\/p>\n\n\n\n<p>El Ministerio ha se\u00f1alado que esta reuni\u00f3n \u00fanicamente da\u00f1a la reputaci\u00f3n de la ONU, en v\u00edsperas del que ser\u00e1 la primera reuni\u00f3n en Rusia entre Guterres y Putin desde que comenz\u00f3 en febrero de 2022 la invasi\u00f3n militar rusa sobre Ucrania. El encuentro tendr\u00e1 lugar en los m\u00e1rgenes de la cumbre de los BRICS.<br><\/p>\n\n\n\n<p>Seg\u00fan el Kremlin, Putin y Guterres hablar\u00e1n de distintos temas de la actualidad internacional, entre ellos la guerra en Ucrania y la escalada de tensiones en Oriente Pr\u00f3ximo. La oficina del secretario general, sin embargo, evit\u00f3 confirmar o desmentir este encuentro en una rueda de prensa celebrada el lunes.<\/p>\n","protected":false},"excerpt":{"rendered":"<p>La cr\u00edtica se dio por parte del gobierno ucraniano, tras la reuni\u00f3n del secretario general de la ONU con el presidente ruso. El Gobierno de Ucrania ha criticado fuertemente al secretario general de la ONU, Ant\u00f3nio Guterres, por aceptar reunirse con el presidente de Rusia, Vladimir Putin, despu\u00e9s de que en junio descartase asistir a [&hellip;]<\/p>\n","protected":false},"author":1,"featured_media":45701,"comment_status":"closed","ping_status":"closed","sticky":false,"template":"","format":"standard","meta":{"footnotes":""},"categories":[83,80,85],"tags":[],"class_list":["post-45700","post","type-post","status-publish","format-standard","has-post-thumbnail","hentry","category-destacado","category-mundo","category-portada"],"_links":{"self":[{"href":"https:\/\/themexicopost.com\/index.php?rest_route=\/wp\/v2\/posts\/45700","targetHints":{"allow":["GET"]}}],"collection":[{"href":"https:\/\/themexicopost.com\/index.php?rest_route=\/wp\/v2\/posts"}],"about":[{"href":"https:\/\/themexicopost.com\/index.php?rest_route=\/wp\/v2\/types\/post"}],"author":[{"embeddable":true,"href":"https:\/\/themexicopost.com\/index.php?rest_route=\/wp\/v2\/users\/1"}],"replies":[{"embeddable":true,"href":"https:\/\/themexicopost.com\/index.php?rest_route=%2Fwp%2Fv2%2Fcomments&post=45700"}],"version-history":[{"count":1,"href":"https:\/\/themexicopost.com\/index.php?rest_route=\/wp\/v2\/posts\/45700\/revisions"}],"predecessor-version":[{"id":45702,"href":"https:\/\/themexicopost.com\/index.php?rest_route=\/wp\/v2\/posts\/45700\/revisions\/45702"}],"wp:featuredmedia":[{"embeddable":true,"href":"https:\/\/themexicopost.com\/index.php?rest_route=\/wp\/v2\/media\/45701"}],"wp:attachment":[{"href":"https:\/\/themexicopost.com\/index.php?rest_route=%2Fwp%2Fv2%2Fmedia&parent=45700"}],"wp:term":[{"taxonomy":"category","embeddable":true,"href":"https:\/\/themexicopost.com\/index.php?rest_route=%2Fwp%2Fv2%2Fcategories&post=45700"},{"taxonomy":"post_tag","embeddable":true,"href":"https:\/\/themexicopost.com\/index.php?rest_route=%2Fwp%2Fv2%2Ftags&post=45700"}],"curies":[{"name":"wp","href":"https:\/\/api.w.org\/{rel}","templated":true}]}}