{"id":45709,"date":"2024-10-23T14:56:25","date_gmt":"2024-10-23T14:56:25","guid":{"rendered":"https:\/\/themexicopost.com\/?p=45709"},"modified":"2024-10-23T14:56:26","modified_gmt":"2024-10-23T14:56:26","slug":"establecera-trump-pena-de-muerte-para-migrantes-que-asesinen-a-estadounidenses","status":"publish","type":"post","link":"https:\/\/themexicopost.com\/?p=45709","title":{"rendered":"ESTABLECER\u00c1 TRUMP PENA DE MUERTE PARA MIGRANTES QUE ASESINEN A ESTADOUNIDENSES"},"content":{"rendered":"\n<figure class=\"wp-block-pullquote\"><blockquote><p>\u201cTenemos que hacerlo\u2026 estoy pidiendo la pena de muerte para cualquier migrante que mate a un ciudadano estadounidense o a un agente de las fuerzas del orden\u2026 el Congreso lo va a aprobar\u201d, dijo.<\/p><\/blockquote><\/figure>\n\n\n\n<p class=\"has-drop-cap\">El expresidente y candidato presidencial republicano, Donald Trump, dijo que solicitar\u00e1 que se establezca la pena de muerte para cualquier migrante convicto por asesinar a un ciudadano estadounidense, lo que supone una de las propuestas m\u00e1s extremas en su ret\u00f3rica antiinmigrante.<br><\/p>\n\n\n\n<p>\u201cTenemos que hacerlo\u2026 estoy pidiendo la pena de muerte para cualquier migrante que mate a un ciudadano estadounidense o a un agente de las fuerzas del orden\u2026 el Congreso lo va a aprobar\u201d, dijo el exgobernante ante una multitud en la ciudad de Greensboro, Carolina del Norte.<br><\/p>\n\n\n\n<p>Esta es la cuarta visita en dos d\u00edas al estado que hace parte de los siete estados clave, que definir\u00e1n el pr\u00f3ximo ocupante de la Casa Blanca.<br><\/p>\n\n\n\n<p>Carolina del Norte, que tiene 16 votos electorales, es uno de los estados en disputa donde las encuestas muestran una carrera extremadamente re\u00f1ida entre el republicano y la vicepresidenta Kamala Harris.<br><\/p>\n\n\n\n<p>Se esperaba que Trump enfocara su discurso en los esfuerzos de recuperaci\u00f3n de Carolina del Norte, azotado el mes pasado por el hurac\u00e1n Helene, y dej\u00f3 a su paso m\u00e1s 230 muertos, la mayor\u00eda en ese estado.<br><\/p>\n\n\n\n<p>Aunque critic\u00f3 la respuesta del Gobierno federal al desastre, el republicano se enfoc\u00f3 en repetir su ret\u00f3rica antiinmigrante, una y otra vez durante sus casi dos horas de discurso.<br><\/p>\n\n\n\n<p>Incluso consider\u00f3 que la inmigraci\u00f3n es el tema que m\u00e1s preocupa a los estadounidenses por encima de la econom\u00eda, en un intento de empujar su ret\u00f3rica de \u201cfronteras abiertas\u201d a criminales con la que ha cosechado apoyo y aplausos.<br><\/p>\n\n\n\n<figure class=\"wp-block-image size-large\"><img fetchpriority=\"high\" decoding=\"async\" width=\"1024\" height=\"684\" src=\"https:\/\/themexicopost.com\/wp-content\/uploads\/2024\/10\/trump-3-1-1024x684.jpg\" alt=\"\" class=\"wp-image-45711\" srcset=\"https:\/\/themexicopost.com\/wp-content\/uploads\/2024\/10\/trump-3-1-1024x684.jpg 1024w, https:\/\/themexicopost.com\/wp-content\/uploads\/2024\/10\/trump-3-1-300x200.jpg 300w, https:\/\/themexicopost.com\/wp-content\/uploads\/2024\/10\/trump-3-1-768x513.jpg 768w, https:\/\/themexicopost.com\/wp-content\/uploads\/2024\/10\/trump-3-1-330x220.jpg 330w, https:\/\/themexicopost.com\/wp-content\/uploads\/2024\/10\/trump-3-1-420x280.jpg 420w, https:\/\/themexicopost.com\/wp-content\/uploads\/2024\/10\/trump-3-1-615x410.jpg 615w, https:\/\/themexicopost.com\/wp-content\/uploads\/2024\/10\/trump-3-1-860x574.jpg 860w, https:\/\/themexicopost.com\/wp-content\/uploads\/2024\/10\/trump-3-1.jpg 1200w\" sizes=\"(max-width: 1024px) 100vw, 1024px\" \/><\/figure>\n\n\n\n<p>Seg\u00fan la \u00faltima encuesta de Gallup, la econom\u00eda es el \u00fanico tema en el que la mayor\u00eda de los votantes (52 %) dice que las posiciones de los candidatos al respecto de este tema son una influencia extremadamente importante en su voto.<br><\/p>\n\n\n\n<p>Otro 38 % de los votantes califica la econom\u00eda como muy importante, lo que significa que el tema podr\u00eda ser un factor significativo para nueve de cada diez votantes.<br><\/p>\n\n\n\n<p>El sondeo encontr\u00f3 que la inmigraci\u00f3n ocup\u00f3 la quinta posici\u00f3n entre una lista de 22 temas importantes para los votantes, seg\u00fan el sondeo publicado la semana pasada.<br><\/p>\n\n\n\n<p>\u201cCreo que (la inmigraci\u00f3n) es el n\u00famero uno, es el primero, y el segundo es la econom\u00eda, y el tercero es la inflaci\u00f3n\u2026 creo que la frontera es la mayor amenaza para este pa\u00eds\u201d, dijo Trump al referirse a los resultados de las encuestas.<br><\/p>\n\n\n\n<p>Bajo ese argumento se despach\u00f3 contra su rival Harris, a la que nuevamente acus\u00f3 de tener \u201clas fronteras abiertas\u201d, esto a pesar de que las restricciones al asilo impuestas por el Gobierno de Joe Biden desde junio pasado han logrado reducir el n\u00famero de arrestos en la frontera suroeste a cifras menores a las de 2020, \u00faltimo a\u00f1o del Gobierno del republicano, seg\u00fan datos revelados hoy.<br><\/p>\n\n\n\n<p>Trump prometi\u00f3 nuevamente las deportaciones masivas y un castigo de 10 a\u00f1os para quienes regresen despu\u00e9s de su expulsi\u00f3n.<br><\/p>\n\n\n\n<p>Presumi\u00f3 el apoyo de los trabajadores de la Patrulla Fronteriza que lidian con la supuesta crisis en la frontera sur, por la que, nuevamente, se\u00f1al\u00f3 que ingresan traficantes de drogas, violadores y delincuentes.<\/p>\n\n\n\n<figure class=\"wp-block-image size-large\"><img decoding=\"async\" width=\"1024\" height=\"684\" src=\"https:\/\/themexicopost.com\/wp-content\/uploads\/2024\/10\/trump-6-1024x684.jpg\" alt=\"\" class=\"wp-image-45712\" srcset=\"https:\/\/themexicopost.com\/wp-content\/uploads\/2024\/10\/trump-6-1024x684.jpg 1024w, https:\/\/themexicopost.com\/wp-content\/uploads\/2024\/10\/trump-6-300x200.jpg 300w, https:\/\/themexicopost.com\/wp-content\/uploads\/2024\/10\/trump-6-768x513.jpg 768w, https:\/\/themexicopost.com\/wp-content\/uploads\/2024\/10\/trump-6-330x220.jpg 330w, https:\/\/themexicopost.com\/wp-content\/uploads\/2024\/10\/trump-6-420x280.jpg 420w, https:\/\/themexicopost.com\/wp-content\/uploads\/2024\/10\/trump-6-615x410.jpg 615w, https:\/\/themexicopost.com\/wp-content\/uploads\/2024\/10\/trump-6-860x574.jpg 860w, https:\/\/themexicopost.com\/wp-content\/uploads\/2024\/10\/trump-6.jpg 1200w\" sizes=\"(max-width: 1024px) 100vw, 1024px\" \/><\/figure>\n","protected":false},"excerpt":{"rendered":"<p>\u201cTenemos que hacerlo\u2026 estoy pidiendo la pena de muerte para cualquier migrante que mate a un ciudadano estadounidense o a un agente de las fuerzas del orden\u2026 el Congreso lo va a aprobar\u201d, dijo. El expresidente y candidato presidencial republicano, Donald Trump, dijo que solicitar\u00e1 que se establezca la pena de muerte para cualquier migrante [&hellip;]<\/p>\n","protected":false},"author":1,"featured_media":45710,"comment_status":"closed","ping_status":"closed","sticky":false,"template":"","format":"standard","meta":{"footnotes":""},"categories":[83,80,85],"tags":[],"class_list":["post-45709","post","type-post","status-publish","format-standard","has-post-thumbnail","hentry","category-destacado","category-mundo","category-portada"],"_links":{"self":[{"href":"https:\/\/themexicopost.com\/index.php?rest_route=\/wp\/v2\/posts\/45709","targetHints":{"allow":["GET"]}}],"collection":[{"href":"https:\/\/themexicopost.com\/index.php?rest_route=\/wp\/v2\/posts"}],"about":[{"href":"https:\/\/themexicopost.com\/index.php?rest_route=\/wp\/v2\/types\/post"}],"author":[{"embeddable":true,"href":"https:\/\/themexicopost.com\/index.php?rest_route=\/wp\/v2\/users\/1"}],"replies":[{"embeddable":true,"href":"https:\/\/themexicopost.com\/index.php?rest_route=%2Fwp%2Fv2%2Fcomments&post=45709"}],"version-history":[{"count":1,"href":"https:\/\/themexicopost.com\/index.php?rest_route=\/wp\/v2\/posts\/45709\/revisions"}],"predecessor-version":[{"id":45713,"href":"https:\/\/themexicopost.com\/index.php?rest_route=\/wp\/v2\/posts\/45709\/revisions\/45713"}],"wp:featuredmedia":[{"embeddable":true,"href":"https:\/\/themexicopost.com\/index.php?rest_route=\/wp\/v2\/media\/45710"}],"wp:attachment":[{"href":"https:\/\/themexicopost.com\/index.php?rest_route=%2Fwp%2Fv2%2Fmedia&parent=45709"}],"wp:term":[{"taxonomy":"category","embeddable":true,"href":"https:\/\/themexicopost.com\/index.php?rest_route=%2Fwp%2Fv2%2Fcategories&post=45709"},{"taxonomy":"post_tag","embeddable":true,"href":"https:\/\/themexicopost.com\/index.php?rest_route=%2Fwp%2Fv2%2Ftags&post=45709"}],"curies":[{"name":"wp","href":"https:\/\/api.w.org\/{rel}","templated":true}]}}