{"id":46406,"date":"2024-11-05T13:41:44","date_gmt":"2024-11-05T13:41:44","guid":{"rendered":"https:\/\/themexicopost.com\/?p=46406"},"modified":"2024-11-05T13:41:45","modified_gmt":"2024-11-05T13:41:45","slug":"dan-oxigeno-al-issemym-y-le-inyectan-100-millones-de-pesos","status":"publish","type":"post","link":"https:\/\/themexicopost.com\/?p=46406","title":{"rendered":"Dan ox\u00edgeno al ISSEMYM y le inyectan 100 millones de pesos"},"content":{"rendered":"\n<figure class=\"wp-block-pullquote\"><blockquote><p>Estas plazas se suman a las 110 entregadas al personal de enfermer\u00eda, otorgando justicia laboral y social a un total de 320 trabajadores.<\/p><\/blockquote><\/figure>\n\n\n\n<p class=\"has-drop-cap wp-block-paragraph\">Como parte del rescate hist\u00f3rico al Instituto de Seguridad Social del Estado de M\u00e9xico y Municipios (ISSEMYM), la Gobernadora Delfina G\u00f3mez \u00c1lvarez invierte m\u00e1s de 100 millones de pesos en este proceso de regularizaci\u00f3n y entreg\u00f3 210 plazas de bases a trabajadores del \u00e1rea m\u00e9dica y administrativa, sum\u00e1ndose a 110 entregadas en junio pasado, para hacer un total de 320 entregadas durante este a\u00f1o.<br><\/p>\n\n\n\n<p class=\"wp-block-paragraph\">\u201cVamos a hacer algo por ISSEMYM. Hay un gran compromiso para nuestros derechohabientes, estamos haciendo todo el esfuerzo y esperamos que con el apoyo y el trabajo solidario lo podamos lograr\u201d, asegur\u00f3 la Gobernadora Delfina G\u00f3mez \u00c1lvarez.<br><\/p>\n\n\n\n<p class=\"wp-block-paragraph\">En esta segunda fase se beneficia a 104 suplentes y 106 trabajadores activos en \u00e1reas clave; incluye la basificaci\u00f3n de un total de 56 enfermeras generales, 50 del \u00e1rea de relaciones p\u00fablicas, 20 m\u00e9dicos generales y 19 m\u00e9dicos. Adem\u00e1s, seis t\u00e9cnicos radi\u00f3logos, 10 t\u00e9cnicos laboratoristas, 13 qu\u00edmicos y 36 trabajadores sociales.<br><\/p>\n\n\n\n<figure class=\"wp-block-image size-large\"><img fetchpriority=\"high\" decoding=\"async\" width=\"1024\" height=\"684\" src=\"https:\/\/themexicopost.com\/wp-content\/uploads\/2024\/11\/8dan-4-1024x684.jpg\" alt=\"\" class=\"wp-image-46408\" srcset=\"https:\/\/themexicopost.com\/wp-content\/uploads\/2024\/11\/8dan-4-1024x684.jpg 1024w, https:\/\/themexicopost.com\/wp-content\/uploads\/2024\/11\/8dan-4-300x200.jpg 300w, https:\/\/themexicopost.com\/wp-content\/uploads\/2024\/11\/8dan-4-768x513.jpg 768w, https:\/\/themexicopost.com\/wp-content\/uploads\/2024\/11\/8dan-4-330x220.jpg 330w, https:\/\/themexicopost.com\/wp-content\/uploads\/2024\/11\/8dan-4-420x280.jpg 420w, https:\/\/themexicopost.com\/wp-content\/uploads\/2024\/11\/8dan-4-615x410.jpg 615w, https:\/\/themexicopost.com\/wp-content\/uploads\/2024\/11\/8dan-4-860x574.jpg 860w, https:\/\/themexicopost.com\/wp-content\/uploads\/2024\/11\/8dan-4.jpg 1200w\" sizes=\"(max-width: 1024px) 100vw, 1024px\" \/><\/figure>\n\n\n\n<p class=\"wp-block-paragraph\">La Mandataria estatal reconoci\u00f3 que una mejor calidad en el servicio empieza por reconocer a quienes brindan la atenci\u00f3n, por ello, su gobierno invierte m\u00e1s de 100 millones de pesos en este proceso de regularizaci\u00f3n y basificaci\u00f3n, beneficiando a 210 familias y fortaleciendo a 44 unidades m\u00e9dicas en 35 municipios de la entidad.<br><\/p>\n\n\n\n<p class=\"wp-block-paragraph\">Reiter\u00f3 su compromiso de sumar esfuerzos para mejorar las condiciones de quienes dedican su vida al servicio p\u00fablico, a quienes pidi\u00f3 seguir dando la mejor atenci\u00f3n posible, con la pasi\u00f3n y el profesionalismo que los caracteriza.<br><\/p>\n\n\n\n<p class=\"wp-block-paragraph\">\u201cUstedes como servidores p\u00fablicos no solamente son m\u00e9dicos, sino tambi\u00e9n son seres humanos extraordinarios, cuando un enfermo llega con su familia, pues uno llega desesperado, con miedo, con preocupaci\u00f3n y siempre surge una mano amiga, siempre surge una palabra de vamos a echarle ganas y eso nos levanta como familia\u201d, refiri\u00f3 la Gobernadora Delfina G\u00f3mez \u00c1lvarez.<\/p>\n","protected":false},"excerpt":{"rendered":"<p>Estas plazas se suman a las 110 entregadas al personal de enfermer\u00eda, otorgando justicia laboral y social a un total de 320 trabajadores. Como parte del rescate hist\u00f3rico al Instituto de Seguridad Social del Estado de M\u00e9xico y Municipios (ISSEMYM), la Gobernadora Delfina G\u00f3mez \u00c1lvarez invierte m\u00e1s de 100 millones de pesos en este proceso [&hellip;]<\/p>\n","protected":false},"author":1,"featured_media":46407,"comment_status":"closed","ping_status":"closed","sticky":false,"template":"","format":"standard","meta":{"footnotes":""},"categories":[83,81],"tags":[],"class_list":["post-46406","post","type-post","status-publish","format-standard","has-post-thumbnail","hentry","category-destacado","category-nacional"],"_links":{"self":[{"href":"https:\/\/themexicopost.com\/index.php?rest_route=\/wp\/v2\/posts\/46406","targetHints":{"allow":["GET"]}}],"collection":[{"href":"https:\/\/themexicopost.com\/index.php?rest_route=\/wp\/v2\/posts"}],"about":[{"href":"https:\/\/themexicopost.com\/index.php?rest_route=\/wp\/v2\/types\/post"}],"author":[{"embeddable":true,"href":"https:\/\/themexicopost.com\/index.php?rest_route=\/wp\/v2\/users\/1"}],"replies":[{"embeddable":true,"href":"https:\/\/themexicopost.com\/index.php?rest_route=%2Fwp%2Fv2%2Fcomments&post=46406"}],"version-history":[{"count":1,"href":"https:\/\/themexicopost.com\/index.php?rest_route=\/wp\/v2\/posts\/46406\/revisions"}],"predecessor-version":[{"id":46409,"href":"https:\/\/themexicopost.com\/index.php?rest_route=\/wp\/v2\/posts\/46406\/revisions\/46409"}],"wp:featuredmedia":[{"embeddable":true,"href":"https:\/\/themexicopost.com\/index.php?rest_route=\/wp\/v2\/media\/46407"}],"wp:attachment":[{"href":"https:\/\/themexicopost.com\/index.php?rest_route=%2Fwp%2Fv2%2Fmedia&parent=46406"}],"wp:term":[{"taxonomy":"category","embeddable":true,"href":"https:\/\/themexicopost.com\/index.php?rest_route=%2Fwp%2Fv2%2Fcategories&post=46406"},{"taxonomy":"post_tag","embeddable":true,"href":"https:\/\/themexicopost.com\/index.php?rest_route=%2Fwp%2Fv2%2Ftags&post=46406"}],"curies":[{"name":"wp","href":"https:\/\/api.w.org\/{rel}","templated":true}]}}