{"id":46410,"date":"2024-11-05T13:45:51","date_gmt":"2024-11-05T13:45:51","guid":{"rendered":"https:\/\/themexicopost.com\/?p=46410"},"modified":"2024-11-05T13:45:52","modified_gmt":"2024-11-05T13:45:52","slug":"en-italia-una-nina-apunala-a-su-companero-tras-ser-acusada-con-el-maestro","status":"publish","type":"post","link":"https:\/\/themexicopost.com\/?p=46410","title":{"rendered":"En Italia una ni\u00f1a apu\u00f1ala a su compa\u00f1ero tras ser acusada con el maestro"},"content":{"rendered":"\n<figure class=\"wp-block-pullquote\"><blockquote><p>La menor mencion\u00f3 que el cuchillo lo llev\u00f3 desde su casa, al ser interrogada en una comisar\u00eda.<\/p><\/blockquote><\/figure>\n\n\n\n<p class=\"has-drop-cap wp-block-paragraph\">Una ni\u00f1a italiana de 12 a\u00f1os asest\u00f3 dos pu\u00f1aladas a un compa\u00f1ero de clase, que se encuentra hospitalizado con heridas de poca gravedad, porque se hab\u00eda avisado a uno de los profesores de que hab\u00eda copiado en un examen.<br><\/p>\n\n\n\n<p class=\"wp-block-paragraph\">A la entrada en clase en el colegio Vivaldi del barrio de Santa Maria delle Mole, en las afueras de Roma, la joven sac\u00f3 un cuchillo de cocina que hab\u00eda tra\u00eddo de casa con el que se abalanz\u00f3 contra el compa\u00f1ero, golpe\u00e1ndolo varias veces, afortunadamente no de manera, en el brazo y el pecho, informaron los medios italianos.<br><\/p>\n\n\n\n<p class=\"wp-block-paragraph\">El ni\u00f1o intent\u00f3 defenderse y no result\u00f3 gravemente herido, aunque perdi\u00f3 sangre y la ni\u00f1a, en medio de la confusi\u00f3n general, llam\u00f3 a los Carabineros entre l\u00e1grimas y cont\u00f3 lo que hab\u00eda hecho.<br><\/p>\n\n\n\n<p class=\"wp-block-paragraph\">Los agentes intervinieron inmediatamente en el lugar con varias patrullas y una ambulancia transport\u00f3 al ni\u00f1o, tambi\u00e9n de 12 a\u00f1os, al hospital Bambino Ges\u00f9 de Roma y fue hospitalizado aunque sin gravedad.<br><\/p>\n\n\n\n<p class=\"wp-block-paragraph\">La menor, por su parte, fue trasladada a una comisar\u00eda para un interrogatorio, pero no es imputable por su edad.<br><\/p>\n\n\n\n<p class=\"wp-block-paragraph\">Seg\u00fan comprobo la polic\u00eda, la estudiante apu\u00f1al\u00f3 a su compa\u00f1ero porque la acus\u00f3 ante un profesor de haber copiado en un examen de clase.<br><\/p>\n\n\n\n<p class=\"wp-block-paragraph\">Los investigadores escucharon a los padres de la ni\u00f1a y a los profesores de la escuela y enviar\u00e1n un informe a la fiscal\u00eda de menores de Roma.<\/p>\n","protected":false},"excerpt":{"rendered":"<p>La menor mencion\u00f3 que el cuchillo lo llev\u00f3 desde su casa, al ser interrogada en una comisar\u00eda. Una ni\u00f1a italiana de 12 a\u00f1os asest\u00f3 dos pu\u00f1aladas a un compa\u00f1ero de clase, que se encuentra hospitalizado con heridas de poca gravedad, porque se hab\u00eda avisado a uno de los profesores de que hab\u00eda copiado en un [&hellip;]<\/p>\n","protected":false},"author":1,"featured_media":46411,"comment_status":"closed","ping_status":"closed","sticky":false,"template":"","format":"standard","meta":{"footnotes":""},"categories":[80],"tags":[],"class_list":["post-46410","post","type-post","status-publish","format-standard","has-post-thumbnail","hentry","category-mundo"],"_links":{"self":[{"href":"https:\/\/themexicopost.com\/index.php?rest_route=\/wp\/v2\/posts\/46410","targetHints":{"allow":["GET"]}}],"collection":[{"href":"https:\/\/themexicopost.com\/index.php?rest_route=\/wp\/v2\/posts"}],"about":[{"href":"https:\/\/themexicopost.com\/index.php?rest_route=\/wp\/v2\/types\/post"}],"author":[{"embeddable":true,"href":"https:\/\/themexicopost.com\/index.php?rest_route=\/wp\/v2\/users\/1"}],"replies":[{"embeddable":true,"href":"https:\/\/themexicopost.com\/index.php?rest_route=%2Fwp%2Fv2%2Fcomments&post=46410"}],"version-history":[{"count":1,"href":"https:\/\/themexicopost.com\/index.php?rest_route=\/wp\/v2\/posts\/46410\/revisions"}],"predecessor-version":[{"id":46412,"href":"https:\/\/themexicopost.com\/index.php?rest_route=\/wp\/v2\/posts\/46410\/revisions\/46412"}],"wp:featuredmedia":[{"embeddable":true,"href":"https:\/\/themexicopost.com\/index.php?rest_route=\/wp\/v2\/media\/46411"}],"wp:attachment":[{"href":"https:\/\/themexicopost.com\/index.php?rest_route=%2Fwp%2Fv2%2Fmedia&parent=46410"}],"wp:term":[{"taxonomy":"category","embeddable":true,"href":"https:\/\/themexicopost.com\/index.php?rest_route=%2Fwp%2Fv2%2Fcategories&post=46410"},{"taxonomy":"post_tag","embeddable":true,"href":"https:\/\/themexicopost.com\/index.php?rest_route=%2Fwp%2Fv2%2Ftags&post=46410"}],"curies":[{"name":"wp","href":"https:\/\/api.w.org\/{rel}","templated":true}]}}