{"id":46416,"date":"2024-11-05T13:50:31","date_gmt":"2024-11-05T13:50:31","guid":{"rendered":"https:\/\/themexicopost.com\/?p=46416"},"modified":"2024-11-05T13:50:32","modified_gmt":"2024-11-05T13:50:32","slug":"se-desplazaron-casi-20-mil-personas-por-los-juegos-olimpicos-de-paris-2024","status":"publish","type":"post","link":"https:\/\/themexicopost.com\/?p=46416","title":{"rendered":"Se desplazaron casi 20 mil personas por los Juegos Ol\u00edmpicos de Paris 2024"},"content":{"rendered":"\n<figure class=\"wp-block-pullquote\"><blockquote><p>Un informe se\u00f1ala que algunas personas fueron desalojadas varias veces y, como resultado, pueden ser contabilizadas m\u00e1s de una vez.<\/p><\/blockquote><\/figure>\n\n\n\n<p class=\"has-drop-cap wp-block-paragraph\">Casi 20.000 personas fueron desplazadas por la fuerza en el per\u00edodo previo a los Juegos Ol\u00edmpicos de Par\u00eds, desde campamentos de tiendas de campa\u00f1a o refugios en la regi\u00f3n de Par\u00eds, dijo el lunes una coalici\u00f3n de m\u00e1s de 100 grupos comunitarios.<br><\/p>\n\n\n\n<p class=\"wp-block-paragraph\">En su informe, el grupo Le Revers de la M\u00e9daille, que se traduce como \u201cel otro lado de la medalla\u201d, afirm\u00f3 que 19.526 personas fueron desplazadas de viviendas informales entre abril de 2023 y septiembre de 2024 como parte de lo que llama \u201climpieza social\u201d por parte de las autoridades.<br><\/p>\n\n\n\n<p class=\"wp-block-paragraph\">El informe se\u00f1ala que algunas personas fueron desalojadas varias veces y, como resultado, pueden ser contabilizadas m\u00e1s de una vez.<br><\/p>\n\n\n\n<p class=\"wp-block-paragraph\">Mientras la ciudad se preparaba para albergar a millones de espectadores para los Juegos, las instalaciones y la infraestructura sufrieron una renovaci\u00f3n significativa, que seg\u00fan el informe incluy\u00f3 el desalojo de migrantes y ocupantes ilegales de lugares visibles cerca de las sedes de los eventos.<br><\/p>\n\n\n\n<p class=\"wp-block-paragraph\">Paul Alauzy, portavoz de Le Revers de la M\u00e9daille, afirm\u00f3 que existen pruebas directas que vinculan estos desplazamientos con los preparativos ol\u00edmpicos.<br><\/p>\n\n\n\n<p class=\"wp-block-paragraph\">\u201cHay im\u00e1genes, documentos internos del gobierno y \u00f3rdenes de desalojo que hacen referencia expl\u00edcita a los Juegos Ol\u00edmpicos como justificaci\u00f3n\u201d, dijo Alauzy.<br><\/p>\n\n\n\n<p class=\"wp-block-paragraph\">Los datos del grupo destacan un aumento de las operaciones de desalojo 260 entre abril de 2023 y septiembre de 2024, un 41% m\u00e1s que en el mismo per\u00edodo de 2021-2022. El informe tambi\u00e9n se\u00f1ala que m\u00e1s de 4.500 menores se encontraban entre los desplazados.<br><\/p>\n\n\n\n<p class=\"wp-block-paragraph\">Los funcionarios franceses no respondieron de inmediato a la estimaci\u00f3n del grupo. La ciudad impuso medidas de seguridad excepcionalmente estrictas para los Juegos y, en particular, la ceremonia de apertura sin precedentes a lo largo del r\u00edo Sena, que requiri\u00f3 un proceso de doble verificaci\u00f3n y un c\u00f3digo QR para asistir.<br><\/p>\n\n\n\n<p class=\"wp-block-paragraph\">El presidente franc\u00e9s, Emmanuel Macron, tambi\u00e9n abord\u00f3 el tema en agosto, afirmando que Francia hab\u00eda logrado crear un legado social vinculado a los Juegos Ol\u00edmpicos.<br><\/p>\n\n\n\n<p class=\"wp-block-paragraph\">\u201cNo me olvido de que hemos logrado crear un legado social para los Juegos Ol\u00edmpicos, con m\u00e1s de 200 personas marginadas que sol\u00edan vivir en las calles alrededor de las sedes ahora tienen un hogar permanente\u201d, dijo Macron en una conferencia el 12 de agosto, el d\u00eda despu\u00e9s de la ceremonia de clausura de los Juegos Ol\u00edmpicos.<\/p>\n","protected":false},"excerpt":{"rendered":"<p>Un informe se\u00f1ala que algunas personas fueron desalojadas varias veces y, como resultado, pueden ser contabilizadas m\u00e1s de una vez. Casi 20.000 personas fueron desplazadas por la fuerza en el per\u00edodo previo a los Juegos Ol\u00edmpicos de Par\u00eds, desde campamentos de tiendas de campa\u00f1a o refugios en la regi\u00f3n de Par\u00eds, dijo el lunes una [&hellip;]<\/p>\n","protected":false},"author":1,"featured_media":46417,"comment_status":"closed","ping_status":"closed","sticky":false,"template":"","format":"standard","meta":{"footnotes":""},"categories":[80],"tags":[],"class_list":["post-46416","post","type-post","status-publish","format-standard","has-post-thumbnail","hentry","category-mundo"],"_links":{"self":[{"href":"https:\/\/themexicopost.com\/index.php?rest_route=\/wp\/v2\/posts\/46416","targetHints":{"allow":["GET"]}}],"collection":[{"href":"https:\/\/themexicopost.com\/index.php?rest_route=\/wp\/v2\/posts"}],"about":[{"href":"https:\/\/themexicopost.com\/index.php?rest_route=\/wp\/v2\/types\/post"}],"author":[{"embeddable":true,"href":"https:\/\/themexicopost.com\/index.php?rest_route=\/wp\/v2\/users\/1"}],"replies":[{"embeddable":true,"href":"https:\/\/themexicopost.com\/index.php?rest_route=%2Fwp%2Fv2%2Fcomments&post=46416"}],"version-history":[{"count":1,"href":"https:\/\/themexicopost.com\/index.php?rest_route=\/wp\/v2\/posts\/46416\/revisions"}],"predecessor-version":[{"id":46418,"href":"https:\/\/themexicopost.com\/index.php?rest_route=\/wp\/v2\/posts\/46416\/revisions\/46418"}],"wp:featuredmedia":[{"embeddable":true,"href":"https:\/\/themexicopost.com\/index.php?rest_route=\/wp\/v2\/media\/46417"}],"wp:attachment":[{"href":"https:\/\/themexicopost.com\/index.php?rest_route=%2Fwp%2Fv2%2Fmedia&parent=46416"}],"wp:term":[{"taxonomy":"category","embeddable":true,"href":"https:\/\/themexicopost.com\/index.php?rest_route=%2Fwp%2Fv2%2Fcategories&post=46416"},{"taxonomy":"post_tag","embeddable":true,"href":"https:\/\/themexicopost.com\/index.php?rest_route=%2Fwp%2Fv2%2Ftags&post=46416"}],"curies":[{"name":"wp","href":"https:\/\/api.w.org\/{rel}","templated":true}]}}