{"id":46430,"date":"2024-11-05T13:55:30","date_gmt":"2024-11-05T13:55:30","guid":{"rendered":"https:\/\/themexicopost.com\/?p=46430"},"modified":"2024-11-05T13:55:31","modified_gmt":"2024-11-05T13:55:31","slug":"se-prepara-cuba-para-el-impacto-del-huracan-rafael","status":"publish","type":"post","link":"https:\/\/themexicopost.com\/?p=46430","title":{"rendered":"Se prepara Cuba para el impacto del hurac\u00e1n Rafael"},"content":{"rendered":"\n<figure class=\"wp-block-pullquote\"><blockquote><p>Es el segundo hurac\u00e1n que azota la isla en medio de una severa crisis energ\u00e9tica.<\/p><\/blockquote><\/figure>\n\n\n\n<p class=\"has-drop-cap wp-block-paragraph\">La isla de Cuba se prepara para la llegada de una nueva depresi\u00f3n tropical que se est\u00e1 fortaleciendo al sur del Mar Caribe, mientras cientos de trabajadores est\u00e1n respondiendo a un apag\u00f3n nacional y un hurac\u00e1n que azot\u00f3 la zona oriental de la isla hace apenas dos semanas.<br><\/p>\n\n\n\n<p class=\"wp-block-paragraph\">El Centro Nacional de Huracanes de Estados Unidos dijo que la depresi\u00f3n probablemente se convertir\u00e1 en una tormenta tropical, nombrada ya &#8220;Rafael&#8221;, y que ser\u00e1 un hurac\u00e1n de categor\u00eda 1 cuando llegue a Cuba hoy por la noche.<br><\/p>\n\n\n\n<p class=\"wp-block-paragraph\">El CNH dijo que se pronostica un fortalecimiento adicional antes de que Rafael alcance el oeste de Cuba y la Isla de la Juventud el mi\u00e9rcoles, donde hay riesgo creciente de marejada cicl\u00f3nica peligrosa.<br><\/p>\n\n\n\n<p class=\"wp-block-paragraph\">Las condiciones no pueden ser peores para los cubanos, que el mes pasado sufrieron un colapso total de su red el\u00e9ctrica nacional que dej\u00f3 a unos 10 millones de personas sin energ\u00eda durante varios d\u00edas.<br><\/p>\n\n\n\n<p class=\"wp-block-paragraph\">Muchos de los residentes de la isla se enfrentan a cortes de energ\u00eda que duran horas debido a los d\u00e9ficits de generaci\u00f3n.<br><\/p>\n\n\n\n<p class=\"wp-block-paragraph\">\u00d3scar, un hurac\u00e1n que toc\u00f3 tierra en Cuba casi al mismo tiempo que el apag\u00f3n, asest\u00f3 un fuerte golpe al pa\u00eds que ya sufre de una grave escasez de alimentos, medicinas y combustible, as\u00ed como de otros bienes b\u00e1sicos.<br><\/p>\n\n\n\n<p class=\"wp-block-paragraph\">La Defensa Civil de Cuba anunci\u00f3 la fase de &#8220;Alerta&#8221; para la regi\u00f3n occidental del pa\u00eds debido a la posibilidad de ser afectadas de forma directa varias provincias por un hurac\u00e1n.<br><\/p>\n\n\n\n<p class=\"wp-block-paragraph\">Las autoridades dijeron que hab\u00edan evacuado a unos 66,000 cubanos en Guant\u00e1namo, en el extremo oriental de la isla, debido a las fuertes lluvias, vientos e inundaciones previstas. Los suelos de la zona ya estaban saturados por las inundaciones y los da\u00f1os provocados por \u00d3scar, dijo el gobierno.<\/p>\n","protected":false},"excerpt":{"rendered":"<p>Es el segundo hurac\u00e1n que azota la isla en medio de una severa crisis energ\u00e9tica. La isla de Cuba se prepara para la llegada de una nueva depresi\u00f3n tropical que se est\u00e1 fortaleciendo al sur del Mar Caribe, mientras cientos de trabajadores est\u00e1n respondiendo a un apag\u00f3n nacional y un hurac\u00e1n que azot\u00f3 la zona [&hellip;]<\/p>\n","protected":false},"author":1,"featured_media":46431,"comment_status":"closed","ping_status":"closed","sticky":false,"template":"","format":"standard","meta":{"footnotes":""},"categories":[80],"tags":[],"class_list":["post-46430","post","type-post","status-publish","format-standard","has-post-thumbnail","hentry","category-mundo"],"_links":{"self":[{"href":"https:\/\/themexicopost.com\/index.php?rest_route=\/wp\/v2\/posts\/46430","targetHints":{"allow":["GET"]}}],"collection":[{"href":"https:\/\/themexicopost.com\/index.php?rest_route=\/wp\/v2\/posts"}],"about":[{"href":"https:\/\/themexicopost.com\/index.php?rest_route=\/wp\/v2\/types\/post"}],"author":[{"embeddable":true,"href":"https:\/\/themexicopost.com\/index.php?rest_route=\/wp\/v2\/users\/1"}],"replies":[{"embeddable":true,"href":"https:\/\/themexicopost.com\/index.php?rest_route=%2Fwp%2Fv2%2Fcomments&post=46430"}],"version-history":[{"count":1,"href":"https:\/\/themexicopost.com\/index.php?rest_route=\/wp\/v2\/posts\/46430\/revisions"}],"predecessor-version":[{"id":46432,"href":"https:\/\/themexicopost.com\/index.php?rest_route=\/wp\/v2\/posts\/46430\/revisions\/46432"}],"wp:featuredmedia":[{"embeddable":true,"href":"https:\/\/themexicopost.com\/index.php?rest_route=\/wp\/v2\/media\/46431"}],"wp:attachment":[{"href":"https:\/\/themexicopost.com\/index.php?rest_route=%2Fwp%2Fv2%2Fmedia&parent=46430"}],"wp:term":[{"taxonomy":"category","embeddable":true,"href":"https:\/\/themexicopost.com\/index.php?rest_route=%2Fwp%2Fv2%2Fcategories&post=46430"},{"taxonomy":"post_tag","embeddable":true,"href":"https:\/\/themexicopost.com\/index.php?rest_route=%2Fwp%2Fv2%2Ftags&post=46430"}],"curies":[{"name":"wp","href":"https:\/\/api.w.org\/{rel}","templated":true}]}}