{"id":46446,"date":"2024-11-05T14:04:20","date_gmt":"2024-11-05T14:04:20","guid":{"rendered":"https:\/\/themexicopost.com\/?p=46446"},"modified":"2024-11-05T14:04:22","modified_gmt":"2024-11-05T14:04:22","slug":"cierran-escuelas-primarias-en-ciudades-de-pakistan-por-la-contaminacion","status":"publish","type":"post","link":"https:\/\/themexicopost.com\/?p=46446","title":{"rendered":"Cierran escuelas primarias en ciudades de Pakist\u00e1n por la contaminaci\u00f3n"},"content":{"rendered":"\n<figure class=\"wp-block-pullquote\"><blockquote><p>Lahore est\u00e1 envuelta en una neblina de esmog, que puede provocar accidentes cerebrovasculares, cardiopat\u00edas, c\u00e1ncer de pulm\u00f3n y enfermedades respiratorias, sobre todo en los ni\u00f1os.<\/p><\/blockquote><\/figure>\n\n\n\n<p class=\"has-drop-cap wp-block-paragraph\">La segunda ciudad de Pakist\u00e1n, Lahore, cerrar\u00e1 sus escuelas primarias durante una semana para evitar que millones de ni\u00f1os se expongan a la contaminaci\u00f3n atmosf\u00e9rica, que ha alcanzado r\u00e9cords diarios.<br><\/p>\n\n\n\n<p class=\"wp-block-paragraph\">&#8220;Con vientos que soplan desde la India hacia Lahore y picos de contaminaci\u00f3n, las escuelas infantiles y primarias permanecer\u00e1n cerradas durante una semana&#8221;, declar\u00f3 Marriyum Aurangzeb, la ministra del gobierno del Estado de Punyab.<br><\/p>\n\n\n\n<p class=\"wp-block-paragraph\">&#8220;Todas las clases para ni\u00f1os de hasta 10 a\u00f1os, p\u00fablicas y privadas, bajo la jurisdicci\u00f3n de la ciudad de Lahore, deben permanecer cerradas durante una semana a partir del lunes&#8221;, manifest\u00f3 una decisi\u00f3n del gobierno local consultada.<br><\/p>\n\n\n\n<p class=\"wp-block-paragraph\">El documento indica que la situaci\u00f3n se evaluar\u00e1 de nuevo el pr\u00f3ximo s\u00e1bado para determinar si debe renovarse el cierre en esta ciudad de 14 millones de habitantes.<br><\/p>\n\n\n\n<p class=\"wp-block-paragraph\">La contaminaci\u00f3n atmosf\u00e9rica en Lahore alcanz\u00f3 el s\u00e1bado un r\u00e9cord muy superior al nivel m\u00e1ximo considerado como aceptable por la Organizaci\u00f3n Mundial de la Salud (OMS).<br><\/p>\n\n\n\n<p class=\"wp-block-paragraph\">Concretamente, el nivel de contaminaci\u00f3n por part\u00edculas finas en el aire, conocidas como PM2,5, alcanz\u00f3 un m\u00e1ximo de 610, 40 veces m\u00e1s que la cota de 15 en un lapso de 24 horas, el l\u00edmite marcado por la OMS.<br><\/p>\n\n\n\n<p class=\"wp-block-paragraph\">El umbral se super\u00f3 nuevamente el domingo, antes de disminuir ligeramente. Adem\u00e1s, se\u00f1alaron que las part\u00edculas PM2,5 son las que mayor da\u00f1o provocan a la salud.<br><\/p>\n\n\n\n<p class=\"wp-block-paragraph\">Desde hace d\u00edas, Lahore est\u00e1 envuelta en una neblina de esmog, que puede provocar, en caso de exposici\u00f3n prolongada, accidentes cerebrovasculares, cardiopat\u00edas, c\u00e1ncer de pulm\u00f3n y enfermedades respiratorias, sobre todo en los ni\u00f1os.<br><\/p>\n\n\n\n<p class=\"wp-block-paragraph\">Adem\u00e1s del cierre de escuelas primarias, la mitad de los empleados de los sectores p\u00fablico y privado deber\u00e1n trabajar desde casa. Asimismo, se prohibi\u00f3 a las escuelas organizar actividades deportivas al aire libre hasta finales de enero.<\/p>\n","protected":false},"excerpt":{"rendered":"<p>Lahore est\u00e1 envuelta en una neblina de esmog, que puede provocar accidentes cerebrovasculares, cardiopat\u00edas, c\u00e1ncer de pulm\u00f3n y enfermedades respiratorias, sobre todo en los ni\u00f1os. La segunda ciudad de Pakist\u00e1n, Lahore, cerrar\u00e1 sus escuelas primarias durante una semana para evitar que millones de ni\u00f1os se expongan a la contaminaci\u00f3n atmosf\u00e9rica, que ha alcanzado r\u00e9cords diarios. [&hellip;]<\/p>\n","protected":false},"author":1,"featured_media":46447,"comment_status":"closed","ping_status":"closed","sticky":false,"template":"","format":"standard","meta":{"footnotes":""},"categories":[83,80,85],"tags":[],"class_list":["post-46446","post","type-post","status-publish","format-standard","has-post-thumbnail","hentry","category-destacado","category-mundo","category-portada"],"_links":{"self":[{"href":"https:\/\/themexicopost.com\/index.php?rest_route=\/wp\/v2\/posts\/46446","targetHints":{"allow":["GET"]}}],"collection":[{"href":"https:\/\/themexicopost.com\/index.php?rest_route=\/wp\/v2\/posts"}],"about":[{"href":"https:\/\/themexicopost.com\/index.php?rest_route=\/wp\/v2\/types\/post"}],"author":[{"embeddable":true,"href":"https:\/\/themexicopost.com\/index.php?rest_route=\/wp\/v2\/users\/1"}],"replies":[{"embeddable":true,"href":"https:\/\/themexicopost.com\/index.php?rest_route=%2Fwp%2Fv2%2Fcomments&post=46446"}],"version-history":[{"count":1,"href":"https:\/\/themexicopost.com\/index.php?rest_route=\/wp\/v2\/posts\/46446\/revisions"}],"predecessor-version":[{"id":46448,"href":"https:\/\/themexicopost.com\/index.php?rest_route=\/wp\/v2\/posts\/46446\/revisions\/46448"}],"wp:featuredmedia":[{"embeddable":true,"href":"https:\/\/themexicopost.com\/index.php?rest_route=\/wp\/v2\/media\/46447"}],"wp:attachment":[{"href":"https:\/\/themexicopost.com\/index.php?rest_route=%2Fwp%2Fv2%2Fmedia&parent=46446"}],"wp:term":[{"taxonomy":"category","embeddable":true,"href":"https:\/\/themexicopost.com\/index.php?rest_route=%2Fwp%2Fv2%2Fcategories&post=46446"},{"taxonomy":"post_tag","embeddable":true,"href":"https:\/\/themexicopost.com\/index.php?rest_route=%2Fwp%2Fv2%2Ftags&post=46446"}],"curies":[{"name":"wp","href":"https:\/\/api.w.org\/{rel}","templated":true}]}}