{"id":49200,"date":"2024-12-18T14:01:19","date_gmt":"2024-12-18T14:01:19","guid":{"rendered":"https:\/\/themexicopost.com\/?p=49200"},"modified":"2024-12-18T14:01:21","modified_gmt":"2024-12-18T14:01:21","slug":"estalla-bomba-en-pakistan-y-mata-a-policias-que-escoltaban-a-trabajadores-de-la-lucha-contra-la-polio","status":"publish","type":"post","link":"https:\/\/themexicopost.com\/?p=49200","title":{"rendered":"Estalla bomba en Pakist\u00e1n y mata a polic\u00edas que escoltaban a trabajadores de la lucha contra la polio"},"content":{"rendered":"\n<figure class=\"wp-block-pullquote\"><blockquote><p>Los insurgentes suelen atacar a la polic\u00eda y al personal sanitario durante las campa\u00f1as contra la polio.<\/p><\/blockquote><\/figure>\n\n\n\n<p class=\"has-drop-cap\">Una potente bomba al costado de la carretera explot\u00f3 cerca de un veh\u00edculo que transportaba a agentes de polic\u00eda asignados para proteger a los trabajadores de la lucha contra la polio en el agitado noroeste de Pakist\u00e1n, matando a tres agentes e hiriendo a otros dos, dijo la polic\u00eda. El ataque ocurri\u00f3 en el distrito de Dera Ismail Khan, provincia de Khyber Pakhtunkhwa, cuando los oficiales regresaban a sus estaciones, dijo el oficial de polic\u00eda local Nasir Khan.<br><\/p>\n\n\n\n<p>Hasta el momento, nadie ha reivindicado la responsabilidad del ataque, que se produjo un d\u00eda despu\u00e9s de que hombres armados no identificados abrieran fuego contra la polic\u00eda que escoltaba a trabajadores de la lucha contra la polio en Karak, una ciudad de Khyber Pakhtunkhwa, matando a un agente de polic\u00eda e hiriendo a un trabajador sanitario.<br><\/p>\n\n\n\n<p>El \u00faltimo episodio de violencia se produce un d\u00eda despu\u00e9s de que Pakist\u00e1n lanzara su \u00faltima campa\u00f1a nacional de vacunaci\u00f3n contra la polio del a\u00f1o, con el objetivo de proteger a 45 millones de ni\u00f1os. Seg\u00fan la Organizaci\u00f3n Mundial de la Salud, Pakist\u00e1n y el vecino Afganist\u00e1n siguen siendo los \u00fanicos dos pa\u00edses donde el virus potencialmente mortal y paralizante no ha sido erradicado.<br><\/p>\n\n\n\n<p>Pakist\u00e1n ha reportado 63 casos confirmados desde enero y la campa\u00f1a antipolio continuar\u00e1 hasta el 22 de diciembre.<br><\/p>\n\n\n\n<p>Los insurgentes suelen atacar a la polic\u00eda y al personal sanitario durante las campa\u00f1as contra la polio.<br><\/p>\n\n\n\n<p>M\u00e1s de 200 trabajadores de la lucha contra la polio y polic\u00edas asignados para su protecci\u00f3n han sido asesinados desde la d\u00e9cada de 1990, seg\u00fan funcionarios y autoridades sanitarias.<\/p>\n","protected":false},"excerpt":{"rendered":"<p>Los insurgentes suelen atacar a la polic\u00eda y al personal sanitario durante las campa\u00f1as contra la polio. Una potente bomba al costado de la carretera explot\u00f3 cerca de un veh\u00edculo que transportaba a agentes de polic\u00eda asignados para proteger a los trabajadores de la lucha contra la polio en el agitado noroeste de Pakist\u00e1n, matando [&hellip;]<\/p>\n","protected":false},"author":1,"featured_media":49201,"comment_status":"closed","ping_status":"closed","sticky":false,"template":"","format":"standard","meta":{"footnotes":""},"categories":[80],"tags":[],"class_list":["post-49200","post","type-post","status-publish","format-standard","has-post-thumbnail","hentry","category-mundo"],"_links":{"self":[{"href":"https:\/\/themexicopost.com\/index.php?rest_route=\/wp\/v2\/posts\/49200","targetHints":{"allow":["GET"]}}],"collection":[{"href":"https:\/\/themexicopost.com\/index.php?rest_route=\/wp\/v2\/posts"}],"about":[{"href":"https:\/\/themexicopost.com\/index.php?rest_route=\/wp\/v2\/types\/post"}],"author":[{"embeddable":true,"href":"https:\/\/themexicopost.com\/index.php?rest_route=\/wp\/v2\/users\/1"}],"replies":[{"embeddable":true,"href":"https:\/\/themexicopost.com\/index.php?rest_route=%2Fwp%2Fv2%2Fcomments&post=49200"}],"version-history":[{"count":1,"href":"https:\/\/themexicopost.com\/index.php?rest_route=\/wp\/v2\/posts\/49200\/revisions"}],"predecessor-version":[{"id":49202,"href":"https:\/\/themexicopost.com\/index.php?rest_route=\/wp\/v2\/posts\/49200\/revisions\/49202"}],"wp:featuredmedia":[{"embeddable":true,"href":"https:\/\/themexicopost.com\/index.php?rest_route=\/wp\/v2\/media\/49201"}],"wp:attachment":[{"href":"https:\/\/themexicopost.com\/index.php?rest_route=%2Fwp%2Fv2%2Fmedia&parent=49200"}],"wp:term":[{"taxonomy":"category","embeddable":true,"href":"https:\/\/themexicopost.com\/index.php?rest_route=%2Fwp%2Fv2%2Fcategories&post=49200"},{"taxonomy":"post_tag","embeddable":true,"href":"https:\/\/themexicopost.com\/index.php?rest_route=%2Fwp%2Fv2%2Ftags&post=49200"}],"curies":[{"name":"wp","href":"https:\/\/api.w.org\/{rel}","templated":true}]}}