{"id":49626,"date":"2025-01-04T02:57:47","date_gmt":"2025-01-04T02:57:47","guid":{"rendered":"https:\/\/themexicopost.com\/?p=49626"},"modified":"2025-01-04T02:57:48","modified_gmt":"2025-01-04T02:57:48","slug":"donald-trump-sera-sentenciado-antes-de-su-juramento-como-presidente-sin-carcel-pero-con-polemica","status":"publish","type":"post","link":"https:\/\/themexicopost.com\/?p=49626","title":{"rendered":"DONALD TRUMP SER\u00c1 SENTENCIADO ANTES DE SU JURAMENTO COMO PRESIDENTE: SIN C\u00c1RCEL, PERO CON POL\u00c9MICA"},"content":{"rendered":"\n<p> El pr\u00f3ximo 10 de enero, Donald Trump recibir\u00e1 su sentencia por los 34 delitos de falsificaci\u00f3n de registros comerciales en el caso Stormy Daniels, convirti\u00e9ndose en el primer presidente electo con una condena penal antes de asumir el cargo. Sin embargo, el juez Juan Merchan ha indicado que no enviar\u00e1 a Trump a prisi\u00f3n, sino que dictar\u00e1 una exenci\u00f3n incondicional de la condena, una decisi\u00f3n que ha desatado controversia. <\/p>\n\n\n\n<p>El juez argument\u00f3 que esta medida asegura los intereses de la justicia y respeta la inmunidad presidencial, aunque enfatiz\u00f3 que la sentencia no ser\u00e1 firme, permitiendo a los abogados de Trump apelar. \u201cEs fundamental resolver este asunto antes del juramento, garantizando al acusado la oportunidad de explorar sus recursos legales\u201d, se\u00f1al\u00f3 Merchan en un documento de 18 p\u00e1ginas.<\/p>\n\n\n\n<p><\/p>\n","protected":false},"excerpt":{"rendered":"<p>El pr\u00f3ximo 10 de enero, Donald Trump recibir\u00e1 su sentencia por los 34 delitos de falsificaci\u00f3n de registros comerciales en el caso Stormy Daniels, convirti\u00e9ndose en el primer presidente electo con una condena penal antes de asumir el cargo. Sin embargo, el juez Juan Merchan ha indicado que no enviar\u00e1 a Trump a prisi\u00f3n, sino [&hellip;]<\/p>\n","protected":false},"author":2,"featured_media":49627,"comment_status":"closed","ping_status":"closed","sticky":false,"template":"","format":"standard","meta":{"footnotes":""},"categories":[80],"tags":[],"class_list":["post-49626","post","type-post","status-publish","format-standard","has-post-thumbnail","hentry","category-mundo"],"_links":{"self":[{"href":"https:\/\/themexicopost.com\/index.php?rest_route=\/wp\/v2\/posts\/49626","targetHints":{"allow":["GET"]}}],"collection":[{"href":"https:\/\/themexicopost.com\/index.php?rest_route=\/wp\/v2\/posts"}],"about":[{"href":"https:\/\/themexicopost.com\/index.php?rest_route=\/wp\/v2\/types\/post"}],"author":[{"embeddable":true,"href":"https:\/\/themexicopost.com\/index.php?rest_route=\/wp\/v2\/users\/2"}],"replies":[{"embeddable":true,"href":"https:\/\/themexicopost.com\/index.php?rest_route=%2Fwp%2Fv2%2Fcomments&post=49626"}],"version-history":[{"count":1,"href":"https:\/\/themexicopost.com\/index.php?rest_route=\/wp\/v2\/posts\/49626\/revisions"}],"predecessor-version":[{"id":49628,"href":"https:\/\/themexicopost.com\/index.php?rest_route=\/wp\/v2\/posts\/49626\/revisions\/49628"}],"wp:featuredmedia":[{"embeddable":true,"href":"https:\/\/themexicopost.com\/index.php?rest_route=\/wp\/v2\/media\/49627"}],"wp:attachment":[{"href":"https:\/\/themexicopost.com\/index.php?rest_route=%2Fwp%2Fv2%2Fmedia&parent=49626"}],"wp:term":[{"taxonomy":"category","embeddable":true,"href":"https:\/\/themexicopost.com\/index.php?rest_route=%2Fwp%2Fv2%2Fcategories&post=49626"},{"taxonomy":"post_tag","embeddable":true,"href":"https:\/\/themexicopost.com\/index.php?rest_route=%2Fwp%2Fv2%2Ftags&post=49626"}],"curies":[{"name":"wp","href":"https:\/\/api.w.org\/{rel}","templated":true}]}}