{"id":49694,"date":"2025-01-06T14:09:27","date_gmt":"2025-01-06T14:09:27","guid":{"rendered":"https:\/\/themexicopost.com\/?p=49694"},"modified":"2025-01-06T14:09:30","modified_gmt":"2025-01-06T14:09:30","slug":"sismo-estremece-a-el-salvador-guatemala-y-nicaragua","status":"publish","type":"post","link":"https:\/\/themexicopost.com\/?p=49694","title":{"rendered":"Sismo estremece a El Salvador, Guatemala y Nicaragua"},"content":{"rendered":"\n<figure class=\"wp-block-pullquote\"><blockquote><p>El temblor se produjo en el oc\u00e9ano Pac\u00edfico a 50 kil\u00f3metros al suroeste de la localidad costera de La Libertad, pero afortunadamente no se presentaron v\u00edctimas.<\/p><\/blockquote><\/figure>\n\n\n\n<p class=\"has-drop-cap\">Un sismo de magnitud 6.2 sacudi\u00f3 ayer domingo El Salvador, Guatemala y Nicaragua sin causar v\u00edctimas ni provocar da\u00f1os, informaron el Servicio Geol\u00f3gico de Estados Unidos (USGS) y observatorios locales de sismolog\u00eda.<br><\/p>\n\n\n\n<p>El temblor se produjo en el oc\u00e9ano Pac\u00edfico a 50 kil\u00f3metros al suroeste de la localidad costera de La Libertad, 30 km al sur de San Salvador, y a una profundidad de 49.5 km, report\u00f3 el USGS.<br><\/p>\n\n\n\n<p>&#8220;No existe amenaza de tsunami para El Salvador&#8221;, indic\u00f3 el Ministerio de Medio Ambiente de El Salvador en la red social X.<br><\/p>\n\n\n\n<figure class=\"wp-block-image size-large\"><img fetchpriority=\"high\" decoding=\"async\" width=\"1024\" height=\"684\" src=\"https:\/\/themexicopost.com\/wp-content\/uploads\/2025\/01\/sismo-2-1024x684.jpg\" alt=\"\" class=\"wp-image-49696\" srcset=\"https:\/\/themexicopost.com\/wp-content\/uploads\/2025\/01\/sismo-2-1024x684.jpg 1024w, https:\/\/themexicopost.com\/wp-content\/uploads\/2025\/01\/sismo-2-300x200.jpg 300w, https:\/\/themexicopost.com\/wp-content\/uploads\/2025\/01\/sismo-2-768x513.jpg 768w, https:\/\/themexicopost.com\/wp-content\/uploads\/2025\/01\/sismo-2-330x220.jpg 330w, https:\/\/themexicopost.com\/wp-content\/uploads\/2025\/01\/sismo-2-420x280.jpg 420w, https:\/\/themexicopost.com\/wp-content\/uploads\/2025\/01\/sismo-2-615x410.jpg 615w, https:\/\/themexicopost.com\/wp-content\/uploads\/2025\/01\/sismo-2-860x574.jpg 860w, https:\/\/themexicopost.com\/wp-content\/uploads\/2025\/01\/sismo-2.jpg 1200w\" sizes=\"(max-width: 1024px) 100vw, 1024px\" \/><\/figure>\n\n\n\n<p>El temblor tambi\u00e9n pudo sentirse en la zona sur de Guatemala y en el norte de Nicaragua, se\u00f1alaron autoridades de ambos pa\u00edses vecinos.<br><\/p>\n\n\n\n<p>Los organismos de socorro de los pa\u00edses centroamericanos no reportaron emergencias.<br><\/p>\n\n\n\n<p>Adem\u00e1s de la actividad s\u00edsmica generada por la colisi\u00f3n de las placas, los pa\u00edses de Centroam\u00e9rica -enclavados en el denominado Cintur\u00f3n de Fuego del Pac\u00edfico- tambi\u00e9n afrontan temblores producto de su cadena volc\u00e1nica.<\/p>\n","protected":false},"excerpt":{"rendered":"<p>El temblor se produjo en el oc\u00e9ano Pac\u00edfico a 50 kil\u00f3metros al suroeste de la localidad costera de La Libertad, pero afortunadamente no se presentaron v\u00edctimas. Un sismo de magnitud 6.2 sacudi\u00f3 ayer domingo El Salvador, Guatemala y Nicaragua sin causar v\u00edctimas ni provocar da\u00f1os, informaron el Servicio Geol\u00f3gico de Estados Unidos (USGS) y observatorios [&hellip;]<\/p>\n","protected":false},"author":1,"featured_media":49695,"comment_status":"closed","ping_status":"closed","sticky":false,"template":"","format":"standard","meta":{"footnotes":""},"categories":[83,80],"tags":[],"class_list":["post-49694","post","type-post","status-publish","format-standard","has-post-thumbnail","hentry","category-destacado","category-mundo"],"_links":{"self":[{"href":"https:\/\/themexicopost.com\/index.php?rest_route=\/wp\/v2\/posts\/49694","targetHints":{"allow":["GET"]}}],"collection":[{"href":"https:\/\/themexicopost.com\/index.php?rest_route=\/wp\/v2\/posts"}],"about":[{"href":"https:\/\/themexicopost.com\/index.php?rest_route=\/wp\/v2\/types\/post"}],"author":[{"embeddable":true,"href":"https:\/\/themexicopost.com\/index.php?rest_route=\/wp\/v2\/users\/1"}],"replies":[{"embeddable":true,"href":"https:\/\/themexicopost.com\/index.php?rest_route=%2Fwp%2Fv2%2Fcomments&post=49694"}],"version-history":[{"count":1,"href":"https:\/\/themexicopost.com\/index.php?rest_route=\/wp\/v2\/posts\/49694\/revisions"}],"predecessor-version":[{"id":49697,"href":"https:\/\/themexicopost.com\/index.php?rest_route=\/wp\/v2\/posts\/49694\/revisions\/49697"}],"wp:featuredmedia":[{"embeddable":true,"href":"https:\/\/themexicopost.com\/index.php?rest_route=\/wp\/v2\/media\/49695"}],"wp:attachment":[{"href":"https:\/\/themexicopost.com\/index.php?rest_route=%2Fwp%2Fv2%2Fmedia&parent=49694"}],"wp:term":[{"taxonomy":"category","embeddable":true,"href":"https:\/\/themexicopost.com\/index.php?rest_route=%2Fwp%2Fv2%2Fcategories&post=49694"},{"taxonomy":"post_tag","embeddable":true,"href":"https:\/\/themexicopost.com\/index.php?rest_route=%2Fwp%2Fv2%2Ftags&post=49694"}],"curies":[{"name":"wp","href":"https:\/\/api.w.org\/{rel}","templated":true}]}}