{"id":49698,"date":"2025-01-06T14:20:09","date_gmt":"2025-01-06T14:20:09","guid":{"rendered":"https:\/\/themexicopost.com\/?p=49698"},"modified":"2025-01-06T14:20:11","modified_gmt":"2025-01-06T14:20:11","slug":"el-acoso-escolar-prepara-a-estudiantes-para-la-guerra-no-para-la-paz-papa-francisco","status":"publish","type":"post","link":"https:\/\/themexicopost.com\/?p=49698","title":{"rendered":"&#8220;El acoso escolar prepara a estudiantes para la guerra, no para la paz&#8221;: Papa Francisco"},"content":{"rendered":"\n<figure class=\"wp-block-pullquote\"><blockquote><p>El papa pidi\u00f3 que exista m\u00e1s di\u00e1logo entre las familias para lograr evitar conflictos.<\/p><\/blockquote><\/figure>\n\n\n\n<p class=\"has-drop-cap\">El papa Francisco advirti\u00f3 que el acoso escolar prepara a los estudiantes para la guerra en lugar de la paz, en un discurso ante educadores cat\u00f3licos reunidos en el Vaticano el s\u00e1bado.<br><\/p>\n\n\n\n<p>Dirigi\u00e9ndose a unos 2.000 profesores, educadores y padres italianos, Francisco enfatiz\u00f3 su mensaje contra el bullying, pidiendo a los asistentes comprometerse a luchar contra \u00e9l tanto en la escuela como en casa.<br><\/p>\n\n\n\n<figure class=\"wp-block-image size-large\"><img fetchpriority=\"high\" decoding=\"async\" width=\"1024\" height=\"684\" src=\"https:\/\/themexicopost.com\/wp-content\/uploads\/2025\/01\/EL-ACOSO-1024x684.jpg\" alt=\"\" class=\"wp-image-49700\" srcset=\"https:\/\/themexicopost.com\/wp-content\/uploads\/2025\/01\/EL-ACOSO-1024x684.jpg 1024w, https:\/\/themexicopost.com\/wp-content\/uploads\/2025\/01\/EL-ACOSO-300x200.jpg 300w, https:\/\/themexicopost.com\/wp-content\/uploads\/2025\/01\/EL-ACOSO-768x513.jpg 768w, https:\/\/themexicopost.com\/wp-content\/uploads\/2025\/01\/EL-ACOSO-330x220.jpg 330w, https:\/\/themexicopost.com\/wp-content\/uploads\/2025\/01\/EL-ACOSO-420x280.jpg 420w, https:\/\/themexicopost.com\/wp-content\/uploads\/2025\/01\/EL-ACOSO-615x410.jpg 615w, https:\/\/themexicopost.com\/wp-content\/uploads\/2025\/01\/EL-ACOSO-860x574.jpg 860w, https:\/\/themexicopost.com\/wp-content\/uploads\/2025\/01\/EL-ACOSO.jpg 1200w\" sizes=\"(max-width: 1024px) 100vw, 1024px\" \/><\/figure>\n\n\n\n<p>El pont\u00edfice elogi\u00f3 el esfuerzo educativo que se realiza en las escuelas para promover la paz, se\u00f1alando que imaginar la paz sienta las bases para \u201cun mundo m\u00e1s justo y fraterno\u201d a trav\u00e9s de \u201ccada materia ense\u00f1ada y de la creatividad de los ni\u00f1os y de los j\u00f3venes\u201d.<br><\/p>\n\n\n\n<p>\u201cPero si en la escuela hac\u00e9is la guerra entre vosotros o practic\u00e1is el acoso escolar, os est\u00e1is preparando para la guerra, no para la paz\u201d, afirm\u00f3.<br><\/p>\n\n\n\n<p>El Papa tambi\u00e9n pidi\u00f3 m\u00e1s di\u00e1logo dentro de las familias, subrayando que \u201ces el di\u00e1logo el que nos hace crecer\u201d.<\/p>\n","protected":false},"excerpt":{"rendered":"<p>El papa pidi\u00f3 que exista m\u00e1s di\u00e1logo entre las familias para lograr evitar conflictos. El papa Francisco advirti\u00f3 que el acoso escolar prepara a los estudiantes para la guerra en lugar de la paz, en un discurso ante educadores cat\u00f3licos reunidos en el Vaticano el s\u00e1bado. Dirigi\u00e9ndose a unos 2.000 profesores, educadores y padres italianos, [&hellip;]<\/p>\n","protected":false},"author":1,"featured_media":49699,"comment_status":"closed","ping_status":"closed","sticky":false,"template":"","format":"standard","meta":{"footnotes":""},"categories":[80],"tags":[],"class_list":["post-49698","post","type-post","status-publish","format-standard","has-post-thumbnail","hentry","category-mundo"],"_links":{"self":[{"href":"https:\/\/themexicopost.com\/index.php?rest_route=\/wp\/v2\/posts\/49698","targetHints":{"allow":["GET"]}}],"collection":[{"href":"https:\/\/themexicopost.com\/index.php?rest_route=\/wp\/v2\/posts"}],"about":[{"href":"https:\/\/themexicopost.com\/index.php?rest_route=\/wp\/v2\/types\/post"}],"author":[{"embeddable":true,"href":"https:\/\/themexicopost.com\/index.php?rest_route=\/wp\/v2\/users\/1"}],"replies":[{"embeddable":true,"href":"https:\/\/themexicopost.com\/index.php?rest_route=%2Fwp%2Fv2%2Fcomments&post=49698"}],"version-history":[{"count":1,"href":"https:\/\/themexicopost.com\/index.php?rest_route=\/wp\/v2\/posts\/49698\/revisions"}],"predecessor-version":[{"id":49701,"href":"https:\/\/themexicopost.com\/index.php?rest_route=\/wp\/v2\/posts\/49698\/revisions\/49701"}],"wp:featuredmedia":[{"embeddable":true,"href":"https:\/\/themexicopost.com\/index.php?rest_route=\/wp\/v2\/media\/49699"}],"wp:attachment":[{"href":"https:\/\/themexicopost.com\/index.php?rest_route=%2Fwp%2Fv2%2Fmedia&parent=49698"}],"wp:term":[{"taxonomy":"category","embeddable":true,"href":"https:\/\/themexicopost.com\/index.php?rest_route=%2Fwp%2Fv2%2Fcategories&post=49698"},{"taxonomy":"post_tag","embeddable":true,"href":"https:\/\/themexicopost.com\/index.php?rest_route=%2Fwp%2Fv2%2Ftags&post=49698"}],"curies":[{"name":"wp","href":"https:\/\/api.w.org\/{rel}","templated":true}]}}