{"id":49720,"date":"2025-01-06T14:37:50","date_gmt":"2025-01-06T14:37:50","guid":{"rendered":"https:\/\/themexicopost.com\/?p=49720"},"modified":"2025-01-06T14:37:51","modified_gmt":"2025-01-06T14:37:51","slug":"evacuan-a-jorge-glas-de-la-prision-tras-un-intento-de-asesinato","status":"publish","type":"post","link":"https:\/\/themexicopost.com\/?p=49720","title":{"rendered":"Evac\u00faan a Jorge Glas de la prisi\u00f3n tras un intento de asesinato"},"content":{"rendered":"\n<figure class=\"wp-block-pullquote\"><blockquote><p>Fue su abogada quien pidi\u00f3 la intervenci\u00f3n de Naciones Unidas y otros organismos internacionales.<\/p><\/blockquote><\/figure>\n\n\n\n<p class=\"has-drop-cap\">El ex vicepresidente de Ecuador, Jorge Glas, fue evacuado de prisi\u00f3n tras un atentado contra su vida, inform\u00f3 su abogada, que responsabiliz\u00f3 al Gobierno de la situaci\u00f3n.<br><\/p>\n\n\n\n<p>Sonia Gabriela Vera pidi\u00f3 la intervenci\u00f3n de Naciones Unidas y otros organismos internacionales tras lo que calific\u00f3 de intento de atentar contra la vida de Glas en la c\u00e1rcel La Roca.<br><\/p>\n\n\n\n<p>El ataque es el resultado de un Estado que lo ha condenado al peligro, la tortura y la muerte lenta, dijo Vera en X, comentando un post que afirmaba que Glas hab\u00eda sido sacado de la prisi\u00f3n en medio de una amenaza contra su vida por parte de presos amotinados.<br><\/p>\n\n\n\n<p>\u201cSu evacuaci\u00f3n de emergencia confirma lo que hemos denunciado una y otra vez: est\u00e1n jugando con su vida deliberadamente\u201d, a\u00f1adi\u00f3 Vera. \u201cSi algo le sucede, ser\u00e1 un crimen del Estado\u201d.<br><\/p>\n\n\n\n<p>Glas fue detenido en abril despu\u00e9s de que las fuerzas de seguridad ecuatorianas irrumpieran en la embajada de M\u00e9xico en Quito, donde estaba refugiado tras solicitar asilo.<br><\/p>\n\n\n\n<p>Aunque los partidarios de Glas afirman que la detenci\u00f3n obedece a motivos pol\u00edticos, el ex vicepresidente ha sido condenado por corrupci\u00f3n en otras dos ocasiones.<br><\/p>\n\n\n\n<p>Glas tambi\u00e9n se enfrenta a cargos de malversaci\u00f3n de fondos recaudados para ayudar a la reconstrucci\u00f3n de la provincia costera de Manab\u00ed tras el devastador terremoto de 2016.<\/p>\n","protected":false},"excerpt":{"rendered":"<p>Fue su abogada quien pidi\u00f3 la intervenci\u00f3n de Naciones Unidas y otros organismos internacionales. El ex vicepresidente de Ecuador, Jorge Glas, fue evacuado de prisi\u00f3n tras un atentado contra su vida, inform\u00f3 su abogada, que responsabiliz\u00f3 al Gobierno de la situaci\u00f3n. Sonia Gabriela Vera pidi\u00f3 la intervenci\u00f3n de Naciones Unidas y otros organismos internacionales tras [&hellip;]<\/p>\n","protected":false},"author":1,"featured_media":49721,"comment_status":"closed","ping_status":"closed","sticky":false,"template":"","format":"standard","meta":{"footnotes":""},"categories":[83,80,85],"tags":[],"class_list":["post-49720","post","type-post","status-publish","format-standard","has-post-thumbnail","hentry","category-destacado","category-mundo","category-portada"],"_links":{"self":[{"href":"https:\/\/themexicopost.com\/index.php?rest_route=\/wp\/v2\/posts\/49720","targetHints":{"allow":["GET"]}}],"collection":[{"href":"https:\/\/themexicopost.com\/index.php?rest_route=\/wp\/v2\/posts"}],"about":[{"href":"https:\/\/themexicopost.com\/index.php?rest_route=\/wp\/v2\/types\/post"}],"author":[{"embeddable":true,"href":"https:\/\/themexicopost.com\/index.php?rest_route=\/wp\/v2\/users\/1"}],"replies":[{"embeddable":true,"href":"https:\/\/themexicopost.com\/index.php?rest_route=%2Fwp%2Fv2%2Fcomments&post=49720"}],"version-history":[{"count":1,"href":"https:\/\/themexicopost.com\/index.php?rest_route=\/wp\/v2\/posts\/49720\/revisions"}],"predecessor-version":[{"id":49722,"href":"https:\/\/themexicopost.com\/index.php?rest_route=\/wp\/v2\/posts\/49720\/revisions\/49722"}],"wp:featuredmedia":[{"embeddable":true,"href":"https:\/\/themexicopost.com\/index.php?rest_route=\/wp\/v2\/media\/49721"}],"wp:attachment":[{"href":"https:\/\/themexicopost.com\/index.php?rest_route=%2Fwp%2Fv2%2Fmedia&parent=49720"}],"wp:term":[{"taxonomy":"category","embeddable":true,"href":"https:\/\/themexicopost.com\/index.php?rest_route=%2Fwp%2Fv2%2Fcategories&post=49720"},{"taxonomy":"post_tag","embeddable":true,"href":"https:\/\/themexicopost.com\/index.php?rest_route=%2Fwp%2Fv2%2Ftags&post=49720"}],"curies":[{"name":"wp","href":"https:\/\/api.w.org\/{rel}","templated":true}]}}