{"id":49730,"date":"2025-01-06T14:44:36","date_gmt":"2025-01-06T14:44:36","guid":{"rendered":"https:\/\/themexicopost.com\/?p=49730"},"modified":"2025-01-06T14:44:39","modified_gmt":"2025-01-06T14:44:39","slug":"aumenta-la-llegada-de-migrantes-rusos-a-mexicobuscan-escapar-de-la-guerra-y-de-la-represion-lgbtiq","status":"publish","type":"post","link":"https:\/\/themexicopost.com\/?p=49730","title":{"rendered":"AUMENTA LA LLEGADA DE MIGRANTES RUSOS A M\u00c9XICOBUSCAN ESCAPAR DE LA GUERRA Y DE LA REPRESI\u00d3N LGBTIQ+"},"content":{"rendered":"\n<figure class=\"wp-block-pullquote\"><blockquote><p>Adem\u00e1s de la crisis b\u00e9lica en Rusia, otro factor que propicia la huida del pa\u00eds, es pertenecer a la comunidad LGBTIQ+, fuertemente atacada por el gobierno de Putin.<\/p><\/blockquote><\/figure>\n\n\n\n<p class=\"has-drop-cap\">Rusos buscan refugio en M\u00e9xico por ser LGBTIQ+ o escapar de la guerra, mientras el Gobierno mexicano reporta una subida interanual del 64% en la migraci\u00f3n irregular de Rusia.<br><\/p>\n\n\n\n<p>M\u00e9xico detect\u00f3 335 migrantes irregulares de Rusia de enero a agosto de 2024, cuando report\u00f3 un r\u00e9cord de m\u00e1s de 925 mil personas de todos los pa\u00edses, seg\u00fan la Unidad de Pol\u00edtica Migratoria del Gobierno.<br><\/p>\n\n\n\n<figure class=\"wp-block-image size-large\"><img fetchpriority=\"high\" decoding=\"async\" width=\"1024\" height=\"684\" src=\"https:\/\/themexicopost.com\/wp-content\/uploads\/2025\/01\/AUMENTA-2-1024x684.jpg\" alt=\"\" class=\"wp-image-49732\" srcset=\"https:\/\/themexicopost.com\/wp-content\/uploads\/2025\/01\/AUMENTA-2-1024x684.jpg 1024w, https:\/\/themexicopost.com\/wp-content\/uploads\/2025\/01\/AUMENTA-2-300x200.jpg 300w, https:\/\/themexicopost.com\/wp-content\/uploads\/2025\/01\/AUMENTA-2-768x513.jpg 768w, https:\/\/themexicopost.com\/wp-content\/uploads\/2025\/01\/AUMENTA-2-330x220.jpg 330w, https:\/\/themexicopost.com\/wp-content\/uploads\/2025\/01\/AUMENTA-2-420x280.jpg 420w, https:\/\/themexicopost.com\/wp-content\/uploads\/2025\/01\/AUMENTA-2-615x410.jpg 615w, https:\/\/themexicopost.com\/wp-content\/uploads\/2025\/01\/AUMENTA-2-860x574.jpg 860w, https:\/\/themexicopost.com\/wp-content\/uploads\/2025\/01\/AUMENTA-2.jpg 1200w\" sizes=\"(max-width: 1024px) 100vw, 1024px\" \/><\/figure>\n\n\n\n<p>Casa Frida, que acoge a migrantes LGBTIQ+, detect\u00f3 un \u201caumento exponencial\u201d de usuarios rusos tras el inicio de la guerra en Ucrania, en febrero de 2022, y el \u201crecrudecimiento\u201d de las pol\u00edticas contrarias al colectivo por parte del presidente, Vlad\u00edmir Putin.<br><\/p>\n\n\n\n<p>\u201cCuando antes llegaban, a lo mejor, una o dos personas por a\u00f1o, m\u00e1s bien empezaron a llegar una o dos por mes\u201d, expres\u00f3 el consultor de la instituci\u00f3n Cristian Andrade.<br><\/p>\n\n\n\n<figure class=\"wp-block-image size-large\"><img decoding=\"async\" width=\"1024\" height=\"684\" src=\"https:\/\/themexicopost.com\/wp-content\/uploads\/2025\/01\/AUMENTA-3-1024x684.jpg\" alt=\"\" class=\"wp-image-49733\" srcset=\"https:\/\/themexicopost.com\/wp-content\/uploads\/2025\/01\/AUMENTA-3-1024x684.jpg 1024w, https:\/\/themexicopost.com\/wp-content\/uploads\/2025\/01\/AUMENTA-3-300x200.jpg 300w, https:\/\/themexicopost.com\/wp-content\/uploads\/2025\/01\/AUMENTA-3-768x513.jpg 768w, https:\/\/themexicopost.com\/wp-content\/uploads\/2025\/01\/AUMENTA-3-330x220.jpg 330w, https:\/\/themexicopost.com\/wp-content\/uploads\/2025\/01\/AUMENTA-3-420x280.jpg 420w, https:\/\/themexicopost.com\/wp-content\/uploads\/2025\/01\/AUMENTA-3-615x410.jpg 615w, https:\/\/themexicopost.com\/wp-content\/uploads\/2025\/01\/AUMENTA-3-860x574.jpg 860w, https:\/\/themexicopost.com\/wp-content\/uploads\/2025\/01\/AUMENTA-3.jpg 1200w\" sizes=\"(max-width: 1024px) 100vw, 1024px\" \/><\/figure>\n\n\n\n<p>Seg\u00fan Andrade, se da esta migraci\u00f3n causada por la guerra y por un empeoramiento de la situaci\u00f3n del colectivo LGBTIQ+ dentro de Rusia.<br><\/p>\n\n\n\n<p>\u201cHemos detectado que, principalmente, estas personas salen a ra\u00edz del recrudecimiento de la violencia (hacia este colectivo)\u201d, subraya el consultor, quien precisa que los migrantes rusos se han detectado tanto en el centro de Casa Frida en Ciudad de M\u00e9xico como en el de Tapachula.<\/p>\n\n\n\n<figure class=\"wp-block-image size-large\"><img decoding=\"async\" width=\"1024\" height=\"684\" src=\"https:\/\/themexicopost.com\/wp-content\/uploads\/2025\/01\/AUMENTA-1024x684.jpg\" alt=\"\" class=\"wp-image-49734\" srcset=\"https:\/\/themexicopost.com\/wp-content\/uploads\/2025\/01\/AUMENTA-1024x684.jpg 1024w, https:\/\/themexicopost.com\/wp-content\/uploads\/2025\/01\/AUMENTA-300x200.jpg 300w, https:\/\/themexicopost.com\/wp-content\/uploads\/2025\/01\/AUMENTA-768x513.jpg 768w, https:\/\/themexicopost.com\/wp-content\/uploads\/2025\/01\/AUMENTA-330x220.jpg 330w, https:\/\/themexicopost.com\/wp-content\/uploads\/2025\/01\/AUMENTA-420x280.jpg 420w, https:\/\/themexicopost.com\/wp-content\/uploads\/2025\/01\/AUMENTA-615x410.jpg 615w, https:\/\/themexicopost.com\/wp-content\/uploads\/2025\/01\/AUMENTA-860x574.jpg 860w, https:\/\/themexicopost.com\/wp-content\/uploads\/2025\/01\/AUMENTA.jpg 1200w\" sizes=\"(max-width: 1024px) 100vw, 1024px\" \/><\/figure>\n","protected":false},"excerpt":{"rendered":"<p>Adem\u00e1s de la crisis b\u00e9lica en Rusia, otro factor que propicia la huida del pa\u00eds, es pertenecer a la comunidad LGBTIQ+, fuertemente atacada por el gobierno de Putin. Rusos buscan refugio en M\u00e9xico por ser LGBTIQ+ o escapar de la guerra, mientras el Gobierno mexicano reporta una subida interanual del 64% en la migraci\u00f3n irregular [&hellip;]<\/p>\n","protected":false},"author":1,"featured_media":49731,"comment_status":"closed","ping_status":"closed","sticky":false,"template":"","format":"standard","meta":{"footnotes":""},"categories":[83,80,85],"tags":[],"class_list":["post-49730","post","type-post","status-publish","format-standard","has-post-thumbnail","hentry","category-destacado","category-mundo","category-portada"],"_links":{"self":[{"href":"https:\/\/themexicopost.com\/index.php?rest_route=\/wp\/v2\/posts\/49730","targetHints":{"allow":["GET"]}}],"collection":[{"href":"https:\/\/themexicopost.com\/index.php?rest_route=\/wp\/v2\/posts"}],"about":[{"href":"https:\/\/themexicopost.com\/index.php?rest_route=\/wp\/v2\/types\/post"}],"author":[{"embeddable":true,"href":"https:\/\/themexicopost.com\/index.php?rest_route=\/wp\/v2\/users\/1"}],"replies":[{"embeddable":true,"href":"https:\/\/themexicopost.com\/index.php?rest_route=%2Fwp%2Fv2%2Fcomments&post=49730"}],"version-history":[{"count":1,"href":"https:\/\/themexicopost.com\/index.php?rest_route=\/wp\/v2\/posts\/49730\/revisions"}],"predecessor-version":[{"id":49735,"href":"https:\/\/themexicopost.com\/index.php?rest_route=\/wp\/v2\/posts\/49730\/revisions\/49735"}],"wp:featuredmedia":[{"embeddable":true,"href":"https:\/\/themexicopost.com\/index.php?rest_route=\/wp\/v2\/media\/49731"}],"wp:attachment":[{"href":"https:\/\/themexicopost.com\/index.php?rest_route=%2Fwp%2Fv2%2Fmedia&parent=49730"}],"wp:term":[{"taxonomy":"category","embeddable":true,"href":"https:\/\/themexicopost.com\/index.php?rest_route=%2Fwp%2Fv2%2Fcategories&post=49730"},{"taxonomy":"post_tag","embeddable":true,"href":"https:\/\/themexicopost.com\/index.php?rest_route=%2Fwp%2Fv2%2Ftags&post=49730"}],"curies":[{"name":"wp","href":"https:\/\/api.w.org\/{rel}","templated":true}]}}